{"id":17656,"date":"2025-06-07T22:12:12","date_gmt":"2025-06-07T21:12:12","guid":{"rendered":"https:\/\/www.liceodeourense.com\/2.0\/?p=17656"},"modified":"2025-06-09T11:18:33","modified_gmt":"2025-06-09T10:18:33","slug":"extraordinario-concerto-iago-banet-presentando-the-galician-king-of-acoustic-guitar","status":"publish","type":"post","link":"http:\/\/www.liceodeourense.com\/2.0\/?p=17656","title":{"rendered":"Extraordinario Concerto Iago Banet, presentando  \u2018The Galician King of Acoustic Guitar\u2019."},"content":{"rendered":"<h3>Extraordinario Concerto de Iago Banet, presentando \u2018The Galician King of Acoustic Guitar\u2019, un luxo de m\u00fasico no escenario do noso Sal\u00f3n Noble. Iago \u00e9 un m\u00fasico galego actualmente residente no Reino Unido. Aos dezasete anos empezou a tocar os seus primeiros acordes nunha guitarra espa\u00f1ola que atopou no seu domicilio familiar. Desde ent\u00f3n, tocou e gravado con m\u00faltiples bandas e feito xiras por Espa\u00f1a e Reino Unido demostrando un enorme talento en diferentes estilos como fingerstyle, gypsy jazz, blues, rock, country, dixieland swing, tex-mex, pop e folk. En 2014, Banet trasl\u00e1dase a Londres en busca de novos horizontes, retos e proxectos nos que desenvolver a s\u00faa carreira. Al\u00ed, \u00fanese a diferentes bandas entre as que destacan The Boo-Hoos e JFK Blue antes de formar ColorColour (previamente co\u00f1ecidos como Deep Blue Sexa), cos que grava dous \u00e1lbums. Desde 2018, Banet desenvolveu paralelamente a s\u00faa carreira como solista de fingerstyle inspirado polo traballo de nomes como Merle Travis, Chet Atkins ou Tommy Emmanuel. Un ano m\u00e1is tarde grava o seu primeiro disco en solitario, \u201cA Sunset Wine\u201d. <span style=\"font-size: 16px;\">En 2020 publica o seu segundo \u00e1lbum, titulado simplemente \u201cIago Banet. Un m\u00fasico, unha guitarra\u201d. O disco consta de sete composici\u00f3ns orixinais e dous arranxos especiais: o tema tradicional de folk galego \u2018Mui\u00f1eira de Chantada\u2019, e o cl\u00e1sico de Van Morrison, \u2018Moondance\u2019.\u00a0<\/span><\/h3>\n<h3><\/h3>\n<p><img loading=\"lazy\" decoding=\"async\" class=\"alignnone size-full wp-image-17658\" src=\"https:\/\/www.liceodeourense.com\/2.0\/wp-content\/uploads\/IAGO-BANET-02.jpg\" alt=\"\" width=\"821\" height=\"1094\" srcset=\"https:\/\/www.liceodeourense.com\/2.0\/wp-content\/uploads\/IAGO-BANET-02.jpg 821w, https:\/\/www.liceodeourense.com\/2.0\/wp-content\/uploads\/IAGO-BANET-02-225x300.jpg 225w, https:\/\/www.liceodeourense.com\/2.0\/wp-content\/uploads\/IAGO-BANET-02-768x1023.jpg 768w\" sizes=\"auto, (max-width: 821px) 100vw, 821px\" \/><img loading=\"lazy\" decoding=\"async\" class=\"alignnone size-full wp-image-17475\" src=\"https:\/\/www.liceodeourense.com\/2.0\/wp-content\/uploads\/El-liceo-ourense-010825-730pm.jpg\" alt=\"\" width=\"1414\" height=\"2000\" srcset=\"https:\/\/www.liceodeourense.com\/2.0\/wp-content\/uploads\/El-liceo-ourense-010825-730pm.jpg 1414w, https:\/\/www.liceodeourense.com\/2.0\/wp-content\/uploads\/El-liceo-ourense-010825-730pm-212x300.jpg 212w, https:\/\/www.liceodeourense.com\/2.0\/wp-content\/uploads\/El-liceo-ourense-010825-730pm-724x1024.jpg 724w, https:\/\/www.liceodeourense.com\/2.0\/wp-content\/uploads\/El-liceo-ourense-010825-730pm-768x1086.jpg 768w, https:\/\/www.liceodeourense.com\/2.0\/wp-content\/uploads\/El-liceo-ourense-010825-730pm-1086x1536.jpg 1086w\" sizes=\"auto, (max-width: 1414px) 100vw, 1414px\" \/><\/p>\n","protected":false},"excerpt":{"rendered":"<p>Extraordinario Concerto de Iago Banet, presentando \u2018The Galician King of Acoustic Guitar\u2019, un luxo de m\u00fasico no escenario do noso Sal\u00f3n Noble. Iago \u00e9 un m\u00fasico galego actualmente residente no Reino Unido. Aos dezasete anos empezou a tocar os seus primeiros acordes nunha guitarra espa\u00f1ola que atopou no seu domicilio familiar. Desde ent\u00f3n, tocou e [&hellip;]<\/p>\n","protected":false},"author":2,"featured_media":17657,"comment_status":"open","ping_status":"closed","sticky":false,"template":"","format":"standard","meta":{"footnotes":""},"categories":[5,21],"tags":[],"class_list":["post-17656","post","type-post","status-publish","format-standard","has-post-thumbnail","hentry","category-musica","category-musica-concertos-patio-de-columnas"],"_links":{"self":[{"href":"http:\/\/www.liceodeourense.com\/2.0\/index.php?rest_route=\/wp\/v2\/posts\/17656","targetHints":{"allow":["GET"]}}],"collection":[{"href":"http:\/\/www.liceodeourense.com\/2.0\/index.php?rest_route=\/wp\/v2\/posts"}],"about":[{"href":"http:\/\/www.liceodeourense.com\/2.0\/index.php?rest_route=\/wp\/v2\/types\/post"}],"author":[{"embeddable":true,"href":"http:\/\/www.liceodeourense.com\/2.0\/index.php?rest_route=\/wp\/v2\/users\/2"}],"replies":[{"embeddable":true,"href":"http:\/\/www.liceodeourense.com\/2.0\/index.php?rest_route=%2Fwp%2Fv2%2Fcomments&post=17656"}],"version-history":[{"count":1,"href":"http:\/\/www.liceodeourense.com\/2.0\/index.php?rest_route=\/wp\/v2\/posts\/17656\/revisions"}],"predecessor-version":[{"id":17659,"href":"http:\/\/www.liceodeourense.com\/2.0\/index.php?rest_route=\/wp\/v2\/posts\/17656\/revisions\/17659"}],"wp:featuredmedia":[{"embeddable":true,"href":"http:\/\/www.liceodeourense.com\/2.0\/index.php?rest_route=\/wp\/v2\/media\/17657"}],"wp:attachment":[{"href":"http:\/\/www.liceodeourense.com\/2.0\/index.php?rest_route=%2Fwp%2Fv2%2Fmedia&parent=17656"}],"wp:term":[{"taxonomy":"category","embeddable":true,"href":"http:\/\/www.liceodeourense.com\/2.0\/index.php?rest_route=%2Fwp%2Fv2%2Fcategories&post=17656"},{"taxonomy":"post_tag","embeddable":true,"href":"http:\/\/www.liceodeourense.com\/2.0\/index.php?rest_route=%2Fwp%2Fv2%2Ftags&post=17656"}],"curies":[{"name":"wp","href":"https:\/\/api.w.org\/{rel}","templated":true}]}}