{"id":17537,"date":"2025-05-20T21:52:51","date_gmt":"2025-05-20T20:52:51","guid":{"rendered":"https:\/\/www.liceodeourense.com\/2.0\/?p=17537"},"modified":"2025-05-22T11:59:11","modified_gmt":"2025-05-22T10:59:11","slug":"extraordinario-concierto-de-jaime-estevez-liisa-smolander-saxofon-piano","status":"publish","type":"post","link":"http:\/\/www.liceodeourense.com\/2.0\/?p=17537","title":{"rendered":"EXTRAORDINARIO CONCIERTO DE JAIME EST\u00c9VEZ &#038; LIISA SMOLANDER (SAXOF\u00d3N-PIANO)"},"content":{"rendered":"<blockquote>\n<h3>Extraordinario Concerto de JAIME EST\u00c9VEZ &amp; LIISA SMOLANDER (SAXOF\u00d3N-PIANO), na tarde de hoxe no Sal\u00f3n Noble da nosa Entidade, un luxo que emocionou a todos os que decidiron vir escoitar o programa que estes dous novos int\u00e9rpretes t\u00ed\u00f1annos preparado. \u00c9 un aut\u00e9ntico pracer ter a MESTRES desta calidade e virtuosismo no escenario do noso Liceo. Moitas grazas.<\/h3>\n<p><img loading=\"lazy\" decoding=\"async\" class=\"alignnone size-full wp-image-17541\" src=\"https:\/\/www.liceodeourense.com\/2.0\/wp-content\/uploads\/SAXOFON-PIANO-01.jpg\" alt=\"\" width=\"1094\" height=\"821\" srcset=\"https:\/\/www.liceodeourense.com\/2.0\/wp-content\/uploads\/SAXOFON-PIANO-01.jpg 1094w, https:\/\/www.liceodeourense.com\/2.0\/wp-content\/uploads\/SAXOFON-PIANO-01-300x225.jpg 300w, https:\/\/www.liceodeourense.com\/2.0\/wp-content\/uploads\/SAXOFON-PIANO-01-1024x768.jpg 1024w, https:\/\/www.liceodeourense.com\/2.0\/wp-content\/uploads\/SAXOFON-PIANO-01-768x576.jpg 768w\" sizes=\"auto, (max-width: 1094px) 100vw, 1094px\" \/><\/p>\n<h3>Liisa e Jaime co\u00f1ec\u00e9ronse en 2024 durante os seus estudos dem\u00e1ster na Academia Sibelius da Universidade das Artes de Helsinki.A s\u00faa paix\u00f3n compartida pola m\u00fasica de c\u00e1mara e as ganas de seaventurar en novos proxectos deron lugar non s\u00f3 a unhacolaboraci\u00f3n art\u00edstica habitual, sen\u00f3n tam\u00e9n a unha amizade. Hoxeofrecen un programa integramente composto por transcrici\u00f3nspara esta formaci\u00f3n, \u00e9 dicir, obras que non foron concebidasorixinalmente para saxof\u00f3n e piano. Como grupo de m\u00fasica dec\u00e1mara, te\u00f1en recibido clases maxistrais de reco\u00f1ecidos m\u00fasicoscomo Joonatan Rautiola, Lars Mlekusch, Xavier Larsson ou AndreasMader. Actualmente, estudan m\u00fasica de c\u00e1mara baixo a tutela dopianista e compositor Tuomas Turriago na Academia Sibelius.<\/h3>\n<p><img loading=\"lazy\" decoding=\"async\" class=\"alignnone size-full wp-image-17540\" src=\"https:\/\/www.liceodeourense.com\/2.0\/wp-content\/uploads\/SAXOFON-PIANO-03.jpg\" alt=\"\" width=\"821\" height=\"1094\" srcset=\"https:\/\/www.liceodeourense.com\/2.0\/wp-content\/uploads\/SAXOFON-PIANO-03.jpg 821w, https:\/\/www.liceodeourense.com\/2.0\/wp-content\/uploads\/SAXOFON-PIANO-03-225x300.jpg 225w, https:\/\/www.liceodeourense.com\/2.0\/wp-content\/uploads\/SAXOFON-PIANO-03-768x1023.jpg 768w\" sizes=\"auto, (max-width: 821px) 100vw, 821px\" \/> <img loading=\"lazy\" decoding=\"async\" class=\"alignnone size-full wp-image-17539\" src=\"https:\/\/www.liceodeourense.com\/2.0\/wp-content\/uploads\/SAXOFON-PIANO-04.jpg\" alt=\"\" width=\"1094\" height=\"821\" srcset=\"https:\/\/www.liceodeourense.com\/2.0\/wp-content\/uploads\/SAXOFON-PIANO-04.jpg 1094w, https:\/\/www.liceodeourense.com\/2.0\/wp-content\/uploads\/SAXOFON-PIANO-04-300x225.jpg 300w, https:\/\/www.liceodeourense.com\/2.0\/wp-content\/uploads\/SAXOFON-PIANO-04-1024x768.jpg 1024w, https:\/\/www.liceodeourense.com\/2.0\/wp-content\/uploads\/SAXOFON-PIANO-04-768x576.jpg 768w\" sizes=\"auto, (max-width: 1094px) 100vw, 1094px\" \/><img loading=\"lazy\" decoding=\"async\" class=\"alignnone size-full wp-image-17422\" src=\"https:\/\/www.liceodeourense.com\/2.0\/wp-content\/uploads\/2025.5.20.-CONCERTO-SAXO-Y-PIANO-JAIME-ESTEVEZ--scaled.jpg\" alt=\"\" width=\"1810\" height=\"2560\" srcset=\"https:\/\/www.liceodeourense.com\/2.0\/wp-content\/uploads\/2025.5.20.-CONCERTO-SAXO-Y-PIANO-JAIME-ESTEVEZ--scaled.jpg 1810w, https:\/\/www.liceodeourense.com\/2.0\/wp-content\/uploads\/2025.5.20.-CONCERTO-SAXO-Y-PIANO-JAIME-ESTEVEZ--212x300.jpg 212w, https:\/\/www.liceodeourense.com\/2.0\/wp-content\/uploads\/2025.5.20.-CONCERTO-SAXO-Y-PIANO-JAIME-ESTEVEZ--724x1024.jpg 724w, https:\/\/www.liceodeourense.com\/2.0\/wp-content\/uploads\/2025.5.20.-CONCERTO-SAXO-Y-PIANO-JAIME-ESTEVEZ--768x1086.jpg 768w, https:\/\/www.liceodeourense.com\/2.0\/wp-content\/uploads\/2025.5.20.-CONCERTO-SAXO-Y-PIANO-JAIME-ESTEVEZ--1086x1536.jpg 1086w, https:\/\/www.liceodeourense.com\/2.0\/wp-content\/uploads\/2025.5.20.-CONCERTO-SAXO-Y-PIANO-JAIME-ESTEVEZ--1448x2048.jpg 1448w\" sizes=\"auto, (max-width: 1810px) 100vw, 1810px\" \/><\/p>\n<p>&nbsp;<\/p><\/blockquote>\n","protected":false},"excerpt":{"rendered":"<p>Extraordinario Concerto de JAIME EST\u00c9VEZ &amp; LIISA SMOLANDER (SAXOF\u00d3N-PIANO), na tarde de hoxe no Sal\u00f3n Noble da nosa Entidade, un luxo que emocionou a todos os que decidiron vir escoitar o programa que estes dous novos int\u00e9rpretes t\u00ed\u00f1annos preparado. \u00c9 un aut\u00e9ntico pracer ter a MESTRES desta calidade e virtuosismo no escenario do noso Liceo. [&hellip;]<\/p>\n","protected":false},"author":2,"featured_media":17538,"comment_status":"open","ping_status":"closed","sticky":false,"template":"","format":"standard","meta":{"footnotes":""},"categories":[5],"tags":[],"class_list":["post-17537","post","type-post","status-publish","format-standard","has-post-thumbnail","hentry","category-musica"],"_links":{"self":[{"href":"http:\/\/www.liceodeourense.com\/2.0\/index.php?rest_route=\/wp\/v2\/posts\/17537","targetHints":{"allow":["GET"]}}],"collection":[{"href":"http:\/\/www.liceodeourense.com\/2.0\/index.php?rest_route=\/wp\/v2\/posts"}],"about":[{"href":"http:\/\/www.liceodeourense.com\/2.0\/index.php?rest_route=\/wp\/v2\/types\/post"}],"author":[{"embeddable":true,"href":"http:\/\/www.liceodeourense.com\/2.0\/index.php?rest_route=\/wp\/v2\/users\/2"}],"replies":[{"embeddable":true,"href":"http:\/\/www.liceodeourense.com\/2.0\/index.php?rest_route=%2Fwp%2Fv2%2Fcomments&post=17537"}],"version-history":[{"count":2,"href":"http:\/\/www.liceodeourense.com\/2.0\/index.php?rest_route=\/wp\/v2\/posts\/17537\/revisions"}],"predecessor-version":[{"id":17543,"href":"http:\/\/www.liceodeourense.com\/2.0\/index.php?rest_route=\/wp\/v2\/posts\/17537\/revisions\/17543"}],"wp:featuredmedia":[{"embeddable":true,"href":"http:\/\/www.liceodeourense.com\/2.0\/index.php?rest_route=\/wp\/v2\/media\/17538"}],"wp:attachment":[{"href":"http:\/\/www.liceodeourense.com\/2.0\/index.php?rest_route=%2Fwp%2Fv2%2Fmedia&parent=17537"}],"wp:term":[{"taxonomy":"category","embeddable":true,"href":"http:\/\/www.liceodeourense.com\/2.0\/index.php?rest_route=%2Fwp%2Fv2%2Fcategories&post=17537"},{"taxonomy":"post_tag","embeddable":true,"href":"http:\/\/www.liceodeourense.com\/2.0\/index.php?rest_route=%2Fwp%2Fv2%2Ftags&post=17537"}],"curies":[{"name":"wp","href":"https:\/\/api.w.org\/{rel}","templated":true}]}}