{"id":17249,"date":"2025-03-07T21:37:08","date_gmt":"2025-03-07T20:37:08","guid":{"rendered":"https:\/\/www.liceodeourense.com\/2.0\/?p=17249"},"modified":"2025-03-08T17:44:09","modified_gmt":"2025-03-08T16:44:09","slug":"pandereteiras-do-liceo-concerto-dia-internacional-da-muller","status":"publish","type":"post","link":"http:\/\/www.liceodeourense.com\/2.0\/?p=17249","title":{"rendered":"PANDERETEIRAS DO LICEO : CONCERTO DIA INTERNACIONAL DA MULLER"},"content":{"rendered":"<h3><b>Como ya ven sendo tradicional, e desgraciadamente con m\u00e1is necesidade que nunca, coas PANADERETEIRAD DO LICEO\u00a0 conmemoramos aquel 8 de marzo de 1908 cando un grupo de traballadoras textiles da f\u00e1brica Cotton de Nueva York levou a cabo una serie de manifestaci\u00f3ns en reclamo de melloras laborais<\/b>. Nesta ocasi\u00f3n estiveron acompa\u00f1adas no escenario do Liceo,\u00a0 por Cantareir@s da Real Banda de Gaitas da Deputaci\u00f3n, e as gaitas de Ana Belen Rguez. Andr\u00e9 e Manuel Lorenzo Tall\u00f3n.<\/h3>\n<h3>Norabora pola iniciativa e tam\u00e9n o noso agradecemento a Marina Tall\u00f3n pola introducci\u00f3n do acto.<\/h3>\n<p><img loading=\"lazy\" decoding=\"async\" class=\"alignnone size-full wp-image-17250\" src=\"https:\/\/www.liceodeourense.com\/2.0\/wp-content\/uploads\/PANDERETERIAS-8-MARZO-25-04.jpg\" alt=\"\" width=\"1094\" height=\"821\" srcset=\"https:\/\/www.liceodeourense.com\/2.0\/wp-content\/uploads\/PANDERETERIAS-8-MARZO-25-04.jpg 1094w, https:\/\/www.liceodeourense.com\/2.0\/wp-content\/uploads\/PANDERETERIAS-8-MARZO-25-04-300x225.jpg 300w, https:\/\/www.liceodeourense.com\/2.0\/wp-content\/uploads\/PANDERETERIAS-8-MARZO-25-04-1024x768.jpg 1024w, https:\/\/www.liceodeourense.com\/2.0\/wp-content\/uploads\/PANDERETERIAS-8-MARZO-25-04-768x576.jpg 768w\" sizes=\"auto, (max-width: 1094px) 100vw, 1094px\" \/> <img loading=\"lazy\" decoding=\"async\" class=\"alignnone size-full wp-image-17251\" src=\"https:\/\/www.liceodeourense.com\/2.0\/wp-content\/uploads\/PANDERETERIAS-8-MARZO-25-03.jpg\" alt=\"\" width=\"1094\" height=\"821\" srcset=\"https:\/\/www.liceodeourense.com\/2.0\/wp-content\/uploads\/PANDERETERIAS-8-MARZO-25-03.jpg 1094w, https:\/\/www.liceodeourense.com\/2.0\/wp-content\/uploads\/PANDERETERIAS-8-MARZO-25-03-300x225.jpg 300w, https:\/\/www.liceodeourense.com\/2.0\/wp-content\/uploads\/PANDERETERIAS-8-MARZO-25-03-1024x768.jpg 1024w, https:\/\/www.liceodeourense.com\/2.0\/wp-content\/uploads\/PANDERETERIAS-8-MARZO-25-03-768x576.jpg 768w\" sizes=\"auto, (max-width: 1094px) 100vw, 1094px\" \/> <img loading=\"lazy\" decoding=\"async\" class=\"alignnone size-full wp-image-17252\" src=\"https:\/\/www.liceodeourense.com\/2.0\/wp-content\/uploads\/PANDERETERIAS-8-MARZO-25-02.jpg\" alt=\"\" width=\"1094\" height=\"821\" srcset=\"https:\/\/www.liceodeourense.com\/2.0\/wp-content\/uploads\/PANDERETERIAS-8-MARZO-25-02.jpg 1094w, https:\/\/www.liceodeourense.com\/2.0\/wp-content\/uploads\/PANDERETERIAS-8-MARZO-25-02-300x225.jpg 300w, https:\/\/www.liceodeourense.com\/2.0\/wp-content\/uploads\/PANDERETERIAS-8-MARZO-25-02-1024x768.jpg 1024w, https:\/\/www.liceodeourense.com\/2.0\/wp-content\/uploads\/PANDERETERIAS-8-MARZO-25-02-768x576.jpg 768w\" sizes=\"auto, (max-width: 1094px) 100vw, 1094px\" \/> <img loading=\"lazy\" decoding=\"async\" class=\"alignnone size-full wp-image-17254\" src=\"https:\/\/www.liceodeourense.com\/2.0\/wp-content\/uploads\/PANDERETERIAS-8-MARZO-25-06.jpg\" alt=\"\" width=\"1094\" height=\"821\" srcset=\"https:\/\/www.liceodeourense.com\/2.0\/wp-content\/uploads\/PANDERETERIAS-8-MARZO-25-06.jpg 1094w, https:\/\/www.liceodeourense.com\/2.0\/wp-content\/uploads\/PANDERETERIAS-8-MARZO-25-06-300x225.jpg 300w, https:\/\/www.liceodeourense.com\/2.0\/wp-content\/uploads\/PANDERETERIAS-8-MARZO-25-06-1024x768.jpg 1024w, https:\/\/www.liceodeourense.com\/2.0\/wp-content\/uploads\/PANDERETERIAS-8-MARZO-25-06-768x576.jpg 768w\" sizes=\"auto, (max-width: 1094px) 100vw, 1094px\" \/> <img loading=\"lazy\" decoding=\"async\" class=\"alignnone size-full wp-image-17255\" src=\"https:\/\/www.liceodeourense.com\/2.0\/wp-content\/uploads\/PANDERETERIAS-8-MARZO-25-05.jpg\" alt=\"\" width=\"1094\" height=\"821\" srcset=\"https:\/\/www.liceodeourense.com\/2.0\/wp-content\/uploads\/PANDERETERIAS-8-MARZO-25-05.jpg 1094w, https:\/\/www.liceodeourense.com\/2.0\/wp-content\/uploads\/PANDERETERIAS-8-MARZO-25-05-300x225.jpg 300w, https:\/\/www.liceodeourense.com\/2.0\/wp-content\/uploads\/PANDERETERIAS-8-MARZO-25-05-1024x768.jpg 1024w, https:\/\/www.liceodeourense.com\/2.0\/wp-content\/uploads\/PANDERETERIAS-8-MARZO-25-05-768x576.jpg 768w\" sizes=\"auto, (max-width: 1094px) 100vw, 1094px\" \/><img loading=\"lazy\" decoding=\"async\" class=\"alignnone size-full wp-image-17217\" src=\"https:\/\/www.liceodeourense.com\/2.0\/wp-content\/uploads\/PANDERETERIAS-LICEO-DIA-MULLER.jpg\" alt=\"\" width=\"1654\" height=\"2338\" srcset=\"https:\/\/www.liceodeourense.com\/2.0\/wp-content\/uploads\/PANDERETERIAS-LICEO-DIA-MULLER.jpg 1654w, https:\/\/www.liceodeourense.com\/2.0\/wp-content\/uploads\/PANDERETERIAS-LICEO-DIA-MULLER-212x300.jpg 212w, https:\/\/www.liceodeourense.com\/2.0\/wp-content\/uploads\/PANDERETERIAS-LICEO-DIA-MULLER-724x1024.jpg 724w, https:\/\/www.liceodeourense.com\/2.0\/wp-content\/uploads\/PANDERETERIAS-LICEO-DIA-MULLER-768x1086.jpg 768w, https:\/\/www.liceodeourense.com\/2.0\/wp-content\/uploads\/PANDERETERIAS-LICEO-DIA-MULLER-1087x1536.jpg 1087w, https:\/\/www.liceodeourense.com\/2.0\/wp-content\/uploads\/PANDERETERIAS-LICEO-DIA-MULLER-1449x2048.jpg 1449w\" sizes=\"auto, (max-width: 1654px) 100vw, 1654px\" \/><\/p>\n","protected":false},"excerpt":{"rendered":"<p>Como ya ven sendo tradicional, e desgraciadamente con m\u00e1is necesidade que nunca, coas PANADERETEIRAD DO LICEO\u00a0 conmemoramos aquel 8 de marzo de 1908 cando un grupo de traballadoras textiles da f\u00e1brica Cotton de Nueva York levou a cabo una serie de manifestaci\u00f3ns en reclamo de melloras laborais. Nesta ocasi\u00f3n estiveron acompa\u00f1adas no escenario do Liceo,\u00a0 [&hellip;]<\/p>\n","protected":false},"author":2,"featured_media":17253,"comment_status":"open","ping_status":"closed","sticky":false,"template":"","format":"standard","meta":{"footnotes":""},"categories":[5],"tags":[],"class_list":["post-17249","post","type-post","status-publish","format-standard","has-post-thumbnail","hentry","category-musica"],"_links":{"self":[{"href":"http:\/\/www.liceodeourense.com\/2.0\/index.php?rest_route=\/wp\/v2\/posts\/17249","targetHints":{"allow":["GET"]}}],"collection":[{"href":"http:\/\/www.liceodeourense.com\/2.0\/index.php?rest_route=\/wp\/v2\/posts"}],"about":[{"href":"http:\/\/www.liceodeourense.com\/2.0\/index.php?rest_route=\/wp\/v2\/types\/post"}],"author":[{"embeddable":true,"href":"http:\/\/www.liceodeourense.com\/2.0\/index.php?rest_route=\/wp\/v2\/users\/2"}],"replies":[{"embeddable":true,"href":"http:\/\/www.liceodeourense.com\/2.0\/index.php?rest_route=%2Fwp%2Fv2%2Fcomments&post=17249"}],"version-history":[{"count":1,"href":"http:\/\/www.liceodeourense.com\/2.0\/index.php?rest_route=\/wp\/v2\/posts\/17249\/revisions"}],"predecessor-version":[{"id":17256,"href":"http:\/\/www.liceodeourense.com\/2.0\/index.php?rest_route=\/wp\/v2\/posts\/17249\/revisions\/17256"}],"wp:featuredmedia":[{"embeddable":true,"href":"http:\/\/www.liceodeourense.com\/2.0\/index.php?rest_route=\/wp\/v2\/media\/17253"}],"wp:attachment":[{"href":"http:\/\/www.liceodeourense.com\/2.0\/index.php?rest_route=%2Fwp%2Fv2%2Fmedia&parent=17249"}],"wp:term":[{"taxonomy":"category","embeddable":true,"href":"http:\/\/www.liceodeourense.com\/2.0\/index.php?rest_route=%2Fwp%2Fv2%2Fcategories&post=17249"},{"taxonomy":"post_tag","embeddable":true,"href":"http:\/\/www.liceodeourense.com\/2.0\/index.php?rest_route=%2Fwp%2Fv2%2Ftags&post=17249"}],"curies":[{"name":"wp","href":"https:\/\/api.w.org\/{rel}","templated":true}]}}