{"id":17082,"date":"2024-12-19T21:15:39","date_gmt":"2024-12-19T20:15:39","guid":{"rendered":"https:\/\/www.liceodeourense.com\/2.0\/?p=17082"},"modified":"2024-12-23T11:57:29","modified_gmt":"2024-12-23T10:57:29","slug":"actuacion-pandereteiras-do-liceo-2","status":"publish","type":"post","link":"http:\/\/www.liceodeourense.com\/2.0\/?p=17082","title":{"rendered":"ACTUACION PANDERETEIRAS DO LICEO."},"content":{"rendered":"<h3>Como xa \u00e9 habitual as PANDERETEIRAS DO LICEO abren a programaci\u00f3n de NADAL na nosa entidade con unha actuaci\u00f3n de panxoli\u00f1as, unha marabilla de acto, de concerto, de m\u00fasica e de bo facer, nesta ocasi\u00f3n adem\u00e1is tiveron a colaboraci\u00f3n das Pandereteiras da Escola de Gaitas da Deputaci\u00f3n de Ourense. Moitas gracias polo voso traballo sodes un luxo para o Liceo.<\/h3>\n<p><img loading=\"lazy\" decoding=\"async\" class=\"alignnone size-full wp-image-17083\" src=\"https:\/\/www.liceodeourense.com\/2.0\/wp-content\/uploads\/PANDERETEIRAS-LICEO-NADAL-2.jpg\" alt=\"\" width=\"1094\" height=\"821\" srcset=\"https:\/\/www.liceodeourense.com\/2.0\/wp-content\/uploads\/PANDERETEIRAS-LICEO-NADAL-2.jpg 1094w, https:\/\/www.liceodeourense.com\/2.0\/wp-content\/uploads\/PANDERETEIRAS-LICEO-NADAL-2-300x225.jpg 300w, https:\/\/www.liceodeourense.com\/2.0\/wp-content\/uploads\/PANDERETEIRAS-LICEO-NADAL-2-1024x768.jpg 1024w, https:\/\/www.liceodeourense.com\/2.0\/wp-content\/uploads\/PANDERETEIRAS-LICEO-NADAL-2-768x576.jpg 768w\" sizes=\"auto, (max-width: 1094px) 100vw, 1094px\" \/> <img loading=\"lazy\" decoding=\"async\" class=\"alignnone size-full wp-image-17085\" src=\"https:\/\/www.liceodeourense.com\/2.0\/wp-content\/uploads\/PANDERETEIRAS-LICEO-NADAL-4.jpg\" alt=\"\" width=\"1094\" height=\"821\" srcset=\"https:\/\/www.liceodeourense.com\/2.0\/wp-content\/uploads\/PANDERETEIRAS-LICEO-NADAL-4.jpg 1094w, https:\/\/www.liceodeourense.com\/2.0\/wp-content\/uploads\/PANDERETEIRAS-LICEO-NADAL-4-300x225.jpg 300w, https:\/\/www.liceodeourense.com\/2.0\/wp-content\/uploads\/PANDERETEIRAS-LICEO-NADAL-4-1024x768.jpg 1024w, https:\/\/www.liceodeourense.com\/2.0\/wp-content\/uploads\/PANDERETEIRAS-LICEO-NADAL-4-768x576.jpg 768w\" sizes=\"auto, (max-width: 1094px) 100vw, 1094px\" \/> <img loading=\"lazy\" decoding=\"async\" class=\"alignnone size-full wp-image-17086\" src=\"https:\/\/www.liceodeourense.com\/2.0\/wp-content\/uploads\/PANDERETEIRAS-LICEO-NADAL-6.jpg\" alt=\"\" width=\"1094\" height=\"821\" srcset=\"https:\/\/www.liceodeourense.com\/2.0\/wp-content\/uploads\/PANDERETEIRAS-LICEO-NADAL-6.jpg 1094w, https:\/\/www.liceodeourense.com\/2.0\/wp-content\/uploads\/PANDERETEIRAS-LICEO-NADAL-6-300x225.jpg 300w, https:\/\/www.liceodeourense.com\/2.0\/wp-content\/uploads\/PANDERETEIRAS-LICEO-NADAL-6-1024x768.jpg 1024w, https:\/\/www.liceodeourense.com\/2.0\/wp-content\/uploads\/PANDERETEIRAS-LICEO-NADAL-6-768x576.jpg 768w\" sizes=\"auto, (max-width: 1094px) 100vw, 1094px\" \/> <img loading=\"lazy\" decoding=\"async\" class=\"alignnone size-full wp-image-17087\" src=\"https:\/\/www.liceodeourense.com\/2.0\/wp-content\/uploads\/PANDERETEIRAS-LICEO-NADAL-7.jpg\" alt=\"\" width=\"1094\" height=\"821\" srcset=\"https:\/\/www.liceodeourense.com\/2.0\/wp-content\/uploads\/PANDERETEIRAS-LICEO-NADAL-7.jpg 1094w, https:\/\/www.liceodeourense.com\/2.0\/wp-content\/uploads\/PANDERETEIRAS-LICEO-NADAL-7-300x225.jpg 300w, https:\/\/www.liceodeourense.com\/2.0\/wp-content\/uploads\/PANDERETEIRAS-LICEO-NADAL-7-1024x768.jpg 1024w, https:\/\/www.liceodeourense.com\/2.0\/wp-content\/uploads\/PANDERETEIRAS-LICEO-NADAL-7-768x576.jpg 768w\" sizes=\"auto, (max-width: 1094px) 100vw, 1094px\" \/><\/p>\n","protected":false},"excerpt":{"rendered":"<p>Como xa \u00e9 habitual as PANDERETEIRAS DO LICEO abren a programaci\u00f3n de NADAL na nosa entidade con unha actuaci\u00f3n de panxoli\u00f1as, unha marabilla de acto, de concerto, de m\u00fasica e de bo facer, nesta ocasi\u00f3n adem\u00e1is tiveron a colaboraci\u00f3n das Pandereteiras da Escola de Gaitas da Deputaci\u00f3n de Ourense. Moitas gracias polo voso traballo sodes [&hellip;]<\/p>\n","protected":false},"author":2,"featured_media":17084,"comment_status":"open","ping_status":"closed","sticky":false,"template":"","format":"standard","meta":{"footnotes":""},"categories":[54,5],"tags":[],"class_list":["post-17082","post","type-post","status-publish","format-standard","has-post-thumbnail","hentry","category-eusonsociodoliceo","category-musica"],"_links":{"self":[{"href":"http:\/\/www.liceodeourense.com\/2.0\/index.php?rest_route=\/wp\/v2\/posts\/17082","targetHints":{"allow":["GET"]}}],"collection":[{"href":"http:\/\/www.liceodeourense.com\/2.0\/index.php?rest_route=\/wp\/v2\/posts"}],"about":[{"href":"http:\/\/www.liceodeourense.com\/2.0\/index.php?rest_route=\/wp\/v2\/types\/post"}],"author":[{"embeddable":true,"href":"http:\/\/www.liceodeourense.com\/2.0\/index.php?rest_route=\/wp\/v2\/users\/2"}],"replies":[{"embeddable":true,"href":"http:\/\/www.liceodeourense.com\/2.0\/index.php?rest_route=%2Fwp%2Fv2%2Fcomments&post=17082"}],"version-history":[{"count":1,"href":"http:\/\/www.liceodeourense.com\/2.0\/index.php?rest_route=\/wp\/v2\/posts\/17082\/revisions"}],"predecessor-version":[{"id":17088,"href":"http:\/\/www.liceodeourense.com\/2.0\/index.php?rest_route=\/wp\/v2\/posts\/17082\/revisions\/17088"}],"wp:featuredmedia":[{"embeddable":true,"href":"http:\/\/www.liceodeourense.com\/2.0\/index.php?rest_route=\/wp\/v2\/media\/17084"}],"wp:attachment":[{"href":"http:\/\/www.liceodeourense.com\/2.0\/index.php?rest_route=%2Fwp%2Fv2%2Fmedia&parent=17082"}],"wp:term":[{"taxonomy":"category","embeddable":true,"href":"http:\/\/www.liceodeourense.com\/2.0\/index.php?rest_route=%2Fwp%2Fv2%2Fcategories&post=17082"},{"taxonomy":"post_tag","embeddable":true,"href":"http:\/\/www.liceodeourense.com\/2.0\/index.php?rest_route=%2Fwp%2Fv2%2Ftags&post=17082"}],"curies":[{"name":"wp","href":"https:\/\/api.w.org\/{rel}","templated":true}]}}