{"id":17078,"date":"2024-12-19T22:00:53","date_gmt":"2024-12-19T21:00:53","guid":{"rendered":"https:\/\/www.liceodeourense.com\/2.0\/?p=17078"},"modified":"2024-12-23T11:12:36","modified_gmt":"2024-12-23T10:12:36","slug":"extraordinario-concerto-de-nadal-da-coral-do-liceo-2","status":"publish","type":"post","link":"http:\/\/www.liceodeourense.com\/2.0\/?p=17078","title":{"rendered":"EXTRAORDINARIO CONCERTO DE NADAL DA CORAL DO LICEO."},"content":{"rendered":"<h3>Un ano m\u00e1is, como xa \u00e9 tradicional, a nosa CORAL ofreceunos un CONCERTO de NADAL, espectacular, \u00e9 un gusto e un pracer escoit\u00e1los cada concerto, cada actuaci\u00f3n, e un luxo para o Liceo ter a Coral que temos. Norabora a todos.<\/h3>\n<p><iframe loading=\"lazy\" title=\"CORAL DO LICEO  - CONCERTO NADAL 2024\" width=\"640\" height=\"360\" src=\"https:\/\/www.youtube.com\/embed\/Z2IhgL4kusY?feature=oembed\" frameborder=\"0\" allow=\"accelerometer; autoplay; clipboard-write; encrypted-media; gyroscope; picture-in-picture; web-share\" referrerpolicy=\"strict-origin-when-cross-origin\" allowfullscreen><\/iframe><\/p>\n<p><iframe loading=\"lazy\" title=\"CORAL DO LICEO - CONCERTO DE NADAL 2024\" width=\"640\" height=\"360\" src=\"https:\/\/www.youtube.com\/embed\/JXUmW7wiRPc?feature=oembed\" frameborder=\"0\" allow=\"accelerometer; autoplay; clipboard-write; encrypted-media; gyroscope; picture-in-picture; web-share\" referrerpolicy=\"strict-origin-when-cross-origin\" allowfullscreen><\/iframe><\/p>\n<p><img loading=\"lazy\" decoding=\"async\" class=\"alignnone size-full wp-image-17080\" src=\"https:\/\/www.liceodeourense.com\/2.0\/wp-content\/uploads\/CORAL-NADAL-2024-03.jpg\" alt=\"\" width=\"1094\" height=\"821\" srcset=\"https:\/\/www.liceodeourense.com\/2.0\/wp-content\/uploads\/CORAL-NADAL-2024-03.jpg 1094w, https:\/\/www.liceodeourense.com\/2.0\/wp-content\/uploads\/CORAL-NADAL-2024-03-300x225.jpg 300w, https:\/\/www.liceodeourense.com\/2.0\/wp-content\/uploads\/CORAL-NADAL-2024-03-1024x768.jpg 1024w, https:\/\/www.liceodeourense.com\/2.0\/wp-content\/uploads\/CORAL-NADAL-2024-03-768x576.jpg 768w\" sizes=\"auto, (max-width: 1094px) 100vw, 1094px\" \/><\/p>\n<p><img loading=\"lazy\" decoding=\"async\" class=\"alignnone size-full wp-image-17018\" src=\"https:\/\/www.liceodeourense.com\/2.0\/wp-content\/uploads\/CONCIERTO-NADAL-CORAL.jpg\" alt=\"\" width=\"1654\" height=\"2338\" srcset=\"https:\/\/www.liceodeourense.com\/2.0\/wp-content\/uploads\/CONCIERTO-NADAL-CORAL.jpg 1654w, https:\/\/www.liceodeourense.com\/2.0\/wp-content\/uploads\/CONCIERTO-NADAL-CORAL-212x300.jpg 212w, https:\/\/www.liceodeourense.com\/2.0\/wp-content\/uploads\/CONCIERTO-NADAL-CORAL-724x1024.jpg 724w, https:\/\/www.liceodeourense.com\/2.0\/wp-content\/uploads\/CONCIERTO-NADAL-CORAL-768x1086.jpg 768w, https:\/\/www.liceodeourense.com\/2.0\/wp-content\/uploads\/CONCIERTO-NADAL-CORAL-1087x1536.jpg 1087w, https:\/\/www.liceodeourense.com\/2.0\/wp-content\/uploads\/CONCIERTO-NADAL-CORAL-1449x2048.jpg 1449w\" sizes=\"auto, (max-width: 1654px) 100vw, 1654px\" \/><\/p>\n","protected":false},"excerpt":{"rendered":"<p>Un ano m\u00e1is, como xa \u00e9 tradicional, a nosa CORAL ofreceunos un CONCERTO de NADAL, espectacular, \u00e9 un gusto e un pracer escoit\u00e1los cada concerto, cada actuaci\u00f3n, e un luxo para o Liceo ter a Coral que temos. Norabora a todos.<\/p>\n","protected":false},"author":2,"featured_media":17079,"comment_status":"open","ping_status":"closed","sticky":false,"template":"","format":"standard","meta":{"footnotes":""},"categories":[14],"tags":[],"class_list":["post-17078","post","type-post","status-publish","format-standard","has-post-thumbnail","hentry","category-musica-coral-liceo"],"_links":{"self":[{"href":"http:\/\/www.liceodeourense.com\/2.0\/index.php?rest_route=\/wp\/v2\/posts\/17078","targetHints":{"allow":["GET"]}}],"collection":[{"href":"http:\/\/www.liceodeourense.com\/2.0\/index.php?rest_route=\/wp\/v2\/posts"}],"about":[{"href":"http:\/\/www.liceodeourense.com\/2.0\/index.php?rest_route=\/wp\/v2\/types\/post"}],"author":[{"embeddable":true,"href":"http:\/\/www.liceodeourense.com\/2.0\/index.php?rest_route=\/wp\/v2\/users\/2"}],"replies":[{"embeddable":true,"href":"http:\/\/www.liceodeourense.com\/2.0\/index.php?rest_route=%2Fwp%2Fv2%2Fcomments&post=17078"}],"version-history":[{"count":1,"href":"http:\/\/www.liceodeourense.com\/2.0\/index.php?rest_route=\/wp\/v2\/posts\/17078\/revisions"}],"predecessor-version":[{"id":17081,"href":"http:\/\/www.liceodeourense.com\/2.0\/index.php?rest_route=\/wp\/v2\/posts\/17078\/revisions\/17081"}],"wp:featuredmedia":[{"embeddable":true,"href":"http:\/\/www.liceodeourense.com\/2.0\/index.php?rest_route=\/wp\/v2\/media\/17079"}],"wp:attachment":[{"href":"http:\/\/www.liceodeourense.com\/2.0\/index.php?rest_route=%2Fwp%2Fv2%2Fmedia&parent=17078"}],"wp:term":[{"taxonomy":"category","embeddable":true,"href":"http:\/\/www.liceodeourense.com\/2.0\/index.php?rest_route=%2Fwp%2Fv2%2Fcategories&post=17078"},{"taxonomy":"post_tag","embeddable":true,"href":"http:\/\/www.liceodeourense.com\/2.0\/index.php?rest_route=%2Fwp%2Fv2%2Ftags&post=17078"}],"curies":[{"name":"wp","href":"https:\/\/api.w.org\/{rel}","templated":true}]}}