{"id":16934,"date":"2024-11-09T22:41:28","date_gmt":"2024-11-09T21:41:28","guid":{"rendered":"https:\/\/www.liceodeourense.com\/2.0\/?p=16934"},"modified":"2024-11-11T19:45:39","modified_gmt":"2024-11-11T18:45:39","slug":"extraordinario-concerto-de-marcos-teira","status":"publish","type":"post","link":"http:\/\/www.liceodeourense.com\/2.0\/?p=16934","title":{"rendered":"EXTRAORDINARIO CONCERTO DE MARCOS TEIRA."},"content":{"rendered":"<h3>Que luxo ter a MARCOS TEIRA\u00a0 no SAL\u00d3N NOBLE DO LICEO, present\u00e1ndonos\u00a0 Costeira, que\u00a0 nace dunha ollada \u00e1 m\u00fasica popular galega partindo das linguaxes da percusi\u00f3n tradicional e da guitarra flamenca. Converte mui\u00f1eiras e Xotas en bulerias e ritmos flamencos.. de verdarde extraordinario.<\/h3>\n<p><img loading=\"lazy\" decoding=\"async\" class=\"alignnone size-full wp-image-16936\" src=\"https:\/\/www.liceodeourense.com\/2.0\/wp-content\/uploads\/MARCOS-TEIRA-02.jpg\" alt=\"\" width=\"821\" height=\"1094\" srcset=\"https:\/\/www.liceodeourense.com\/2.0\/wp-content\/uploads\/MARCOS-TEIRA-02.jpg 821w, https:\/\/www.liceodeourense.com\/2.0\/wp-content\/uploads\/MARCOS-TEIRA-02-225x300.jpg 225w, https:\/\/www.liceodeourense.com\/2.0\/wp-content\/uploads\/MARCOS-TEIRA-02-768x1023.jpg 768w\" sizes=\"auto, (max-width: 821px) 100vw, 821px\" \/><img loading=\"lazy\" decoding=\"async\" class=\"alignnone size-full wp-image-16840\" src=\"https:\/\/www.liceodeourense.com\/2.0\/wp-content\/uploads\/MARCOS-TEIRA.jpg\" alt=\"\" width=\"1654\" height=\"2338\" srcset=\"https:\/\/www.liceodeourense.com\/2.0\/wp-content\/uploads\/MARCOS-TEIRA.jpg 1654w, https:\/\/www.liceodeourense.com\/2.0\/wp-content\/uploads\/MARCOS-TEIRA-212x300.jpg 212w, https:\/\/www.liceodeourense.com\/2.0\/wp-content\/uploads\/MARCOS-TEIRA-724x1024.jpg 724w, https:\/\/www.liceodeourense.com\/2.0\/wp-content\/uploads\/MARCOS-TEIRA-768x1086.jpg 768w, https:\/\/www.liceodeourense.com\/2.0\/wp-content\/uploads\/MARCOS-TEIRA-1087x1536.jpg 1087w, https:\/\/www.liceodeourense.com\/2.0\/wp-content\/uploads\/MARCOS-TEIRA-1449x2048.jpg 1449w\" sizes=\"auto, (max-width: 1654px) 100vw, 1654px\" \/><\/p>\n","protected":false},"excerpt":{"rendered":"<p>Que luxo ter a MARCOS TEIRA\u00a0 no SAL\u00d3N NOBLE DO LICEO, present\u00e1ndonos\u00a0 Costeira, que\u00a0 nace dunha ollada \u00e1 m\u00fasica popular galega partindo das linguaxes da percusi\u00f3n tradicional e da guitarra flamenca. Converte mui\u00f1eiras e Xotas en bulerias e ritmos flamencos.. de verdarde extraordinario.<\/p>\n","protected":false},"author":2,"featured_media":16935,"comment_status":"open","ping_status":"closed","sticky":false,"template":"","format":"standard","meta":{"footnotes":""},"categories":[5,21],"tags":[],"class_list":["post-16934","post","type-post","status-publish","format-standard","has-post-thumbnail","hentry","category-musica","category-musica-concertos-patio-de-columnas"],"_links":{"self":[{"href":"http:\/\/www.liceodeourense.com\/2.0\/index.php?rest_route=\/wp\/v2\/posts\/16934","targetHints":{"allow":["GET"]}}],"collection":[{"href":"http:\/\/www.liceodeourense.com\/2.0\/index.php?rest_route=\/wp\/v2\/posts"}],"about":[{"href":"http:\/\/www.liceodeourense.com\/2.0\/index.php?rest_route=\/wp\/v2\/types\/post"}],"author":[{"embeddable":true,"href":"http:\/\/www.liceodeourense.com\/2.0\/index.php?rest_route=\/wp\/v2\/users\/2"}],"replies":[{"embeddable":true,"href":"http:\/\/www.liceodeourense.com\/2.0\/index.php?rest_route=%2Fwp%2Fv2%2Fcomments&post=16934"}],"version-history":[{"count":1,"href":"http:\/\/www.liceodeourense.com\/2.0\/index.php?rest_route=\/wp\/v2\/posts\/16934\/revisions"}],"predecessor-version":[{"id":16937,"href":"http:\/\/www.liceodeourense.com\/2.0\/index.php?rest_route=\/wp\/v2\/posts\/16934\/revisions\/16937"}],"wp:featuredmedia":[{"embeddable":true,"href":"http:\/\/www.liceodeourense.com\/2.0\/index.php?rest_route=\/wp\/v2\/media\/16935"}],"wp:attachment":[{"href":"http:\/\/www.liceodeourense.com\/2.0\/index.php?rest_route=%2Fwp%2Fv2%2Fmedia&parent=16934"}],"wp:term":[{"taxonomy":"category","embeddable":true,"href":"http:\/\/www.liceodeourense.com\/2.0\/index.php?rest_route=%2Fwp%2Fv2%2Fcategories&post=16934"},{"taxonomy":"post_tag","embeddable":true,"href":"http:\/\/www.liceodeourense.com\/2.0\/index.php?rest_route=%2Fwp%2Fv2%2Ftags&post=16934"}],"curies":[{"name":"wp","href":"https:\/\/api.w.org\/{rel}","templated":true}]}}