{"id":16868,"date":"2024-11-02T22:15:53","date_gmt":"2024-11-02T21:15:53","guid":{"rendered":"https:\/\/www.liceodeourense.com\/2.0\/?p=16868"},"modified":"2024-11-04T10:28:28","modified_gmt":"2024-11-04T09:28:28","slug":"extraordinario-concierto-de-paula-coronas","status":"publish","type":"post","link":"http:\/\/www.liceodeourense.com\/2.0\/?p=16868","title":{"rendered":"EXTRAORDINARIO CONCIERTO DE PAULA CORONAS."},"content":{"rendered":"<h3>Extraordinario Concierto de la pianista PAULA CORONAS en El Liceo, un programa con el t\u00edtulo \u00abEsencia del Piano Rom\u00e1ntico y Espa\u00f1ol\u2019\u2019, repas\u00f3 obras de F. CHOPIN ; HECTOR VILLALOBOS; EDUARDO OC\u00d3N ; GONZ\u00c1LEZ PALOMARES; MANUEL DE FALLA; EMILIO LEHMBERG RUIZ<\/h3>\n<h3>Paula es todo energ\u00eda, generosidad, derrocha alegr\u00eda, y sobre todo ama lo que hace y eso lo trasmiten sus manos en el piano, un lujo haberla tendido de nuevo en el escenario del Liceo, seguro que repetir\u00e1, se llev\u00f3 el aplauso c\u00e1lido de todos los que asistieron a su concierto. GRACIAS PAULA CORONAS.<\/h3>\n<h3><img loading=\"lazy\" decoding=\"async\" class=\"alignnone size-full wp-image-16870\" src=\"https:\/\/www.liceodeourense.com\/2.0\/wp-content\/uploads\/PAULA-CORONAS-02-1.jpg\" alt=\"\" width=\"821\" height=\"1094\" srcset=\"https:\/\/www.liceodeourense.com\/2.0\/wp-content\/uploads\/PAULA-CORONAS-02-1.jpg 821w, https:\/\/www.liceodeourense.com\/2.0\/wp-content\/uploads\/PAULA-CORONAS-02-1-225x300.jpg 225w, https:\/\/www.liceodeourense.com\/2.0\/wp-content\/uploads\/PAULA-CORONAS-02-1-768x1023.jpg 768w\" sizes=\"auto, (max-width: 821px) 100vw, 821px\" \/> <img loading=\"lazy\" decoding=\"async\" class=\"alignnone size-full wp-image-16871\" src=\"https:\/\/www.liceodeourense.com\/2.0\/wp-content\/uploads\/PAULA-CORONAS-03-1.jpg\" alt=\"\" width=\"1094\" height=\"821\" srcset=\"https:\/\/www.liceodeourense.com\/2.0\/wp-content\/uploads\/PAULA-CORONAS-03-1.jpg 1094w, https:\/\/www.liceodeourense.com\/2.0\/wp-content\/uploads\/PAULA-CORONAS-03-1-300x225.jpg 300w, https:\/\/www.liceodeourense.com\/2.0\/wp-content\/uploads\/PAULA-CORONAS-03-1-1024x768.jpg 1024w, https:\/\/www.liceodeourense.com\/2.0\/wp-content\/uploads\/PAULA-CORONAS-03-1-768x576.jpg 768w\" sizes=\"auto, (max-width: 1094px) 100vw, 1094px\" \/> <img loading=\"lazy\" decoding=\"async\" class=\"alignnone size-full wp-image-16872\" src=\"https:\/\/www.liceodeourense.com\/2.0\/wp-content\/uploads\/PAULA-CORONAS-05.jpg\" alt=\"\" width=\"821\" height=\"1094\" srcset=\"https:\/\/www.liceodeourense.com\/2.0\/wp-content\/uploads\/PAULA-CORONAS-05.jpg 821w, https:\/\/www.liceodeourense.com\/2.0\/wp-content\/uploads\/PAULA-CORONAS-05-225x300.jpg 225w, https:\/\/www.liceodeourense.com\/2.0\/wp-content\/uploads\/PAULA-CORONAS-05-768x1023.jpg 768w\" sizes=\"auto, (max-width: 821px) 100vw, 821px\" \/><img loading=\"lazy\" decoding=\"async\" class=\"alignnone size-full wp-image-16826\" src=\"https:\/\/www.liceodeourense.com\/2.0\/wp-content\/uploads\/PAULA-CORONAS-1.jpg\" alt=\"\" width=\"1283\" height=\"1814\" srcset=\"https:\/\/www.liceodeourense.com\/2.0\/wp-content\/uploads\/PAULA-CORONAS-1.jpg 1283w, https:\/\/www.liceodeourense.com\/2.0\/wp-content\/uploads\/PAULA-CORONAS-1-212x300.jpg 212w, https:\/\/www.liceodeourense.com\/2.0\/wp-content\/uploads\/PAULA-CORONAS-1-724x1024.jpg 724w, https:\/\/www.liceodeourense.com\/2.0\/wp-content\/uploads\/PAULA-CORONAS-1-768x1086.jpg 768w, https:\/\/www.liceodeourense.com\/2.0\/wp-content\/uploads\/PAULA-CORONAS-1-1086x1536.jpg 1086w\" sizes=\"auto, (max-width: 1283px) 100vw, 1283px\" \/><\/h3>\n","protected":false},"excerpt":{"rendered":"<p>Extraordinario Concierto de la pianista PAULA CORONAS en El Liceo, un programa con el t\u00edtulo \u00abEsencia del Piano Rom\u00e1ntico y Espa\u00f1ol\u2019\u2019, repas\u00f3 obras de F. CHOPIN ; HECTOR VILLALOBOS; EDUARDO OC\u00d3N ; GONZ\u00c1LEZ PALOMARES; MANUEL DE FALLA; EMILIO LEHMBERG RUIZ Paula es todo energ\u00eda, generosidad, derrocha alegr\u00eda, y sobre todo ama lo que hace y [&hellip;]<\/p>\n","protected":false},"author":2,"featured_media":16869,"comment_status":"open","ping_status":"closed","sticky":false,"template":"","format":"standard","meta":{"footnotes":""},"categories":[5],"tags":[],"class_list":["post-16868","post","type-post","status-publish","format-standard","has-post-thumbnail","hentry","category-musica"],"_links":{"self":[{"href":"http:\/\/www.liceodeourense.com\/2.0\/index.php?rest_route=\/wp\/v2\/posts\/16868","targetHints":{"allow":["GET"]}}],"collection":[{"href":"http:\/\/www.liceodeourense.com\/2.0\/index.php?rest_route=\/wp\/v2\/posts"}],"about":[{"href":"http:\/\/www.liceodeourense.com\/2.0\/index.php?rest_route=\/wp\/v2\/types\/post"}],"author":[{"embeddable":true,"href":"http:\/\/www.liceodeourense.com\/2.0\/index.php?rest_route=\/wp\/v2\/users\/2"}],"replies":[{"embeddable":true,"href":"http:\/\/www.liceodeourense.com\/2.0\/index.php?rest_route=%2Fwp%2Fv2%2Fcomments&post=16868"}],"version-history":[{"count":2,"href":"http:\/\/www.liceodeourense.com\/2.0\/index.php?rest_route=\/wp\/v2\/posts\/16868\/revisions"}],"predecessor-version":[{"id":16874,"href":"http:\/\/www.liceodeourense.com\/2.0\/index.php?rest_route=\/wp\/v2\/posts\/16868\/revisions\/16874"}],"wp:featuredmedia":[{"embeddable":true,"href":"http:\/\/www.liceodeourense.com\/2.0\/index.php?rest_route=\/wp\/v2\/media\/16869"}],"wp:attachment":[{"href":"http:\/\/www.liceodeourense.com\/2.0\/index.php?rest_route=%2Fwp%2Fv2%2Fmedia&parent=16868"}],"wp:term":[{"taxonomy":"category","embeddable":true,"href":"http:\/\/www.liceodeourense.com\/2.0\/index.php?rest_route=%2Fwp%2Fv2%2Fcategories&post=16868"},{"taxonomy":"post_tag","embeddable":true,"href":"http:\/\/www.liceodeourense.com\/2.0\/index.php?rest_route=%2Fwp%2Fv2%2Ftags&post=16868"}],"curies":[{"name":"wp","href":"https:\/\/api.w.org\/{rel}","templated":true}]}}