{"id":16821,"date":"2024-10-19T22:05:42","date_gmt":"2024-10-19T21:05:42","guid":{"rendered":"https:\/\/www.liceodeourense.com\/2.0\/?p=16821"},"modified":"2024-10-21T09:12:24","modified_gmt":"2024-10-21T08:12:24","slug":"extraordinario-concerto-do-trio-artabro","status":"publish","type":"post","link":"http:\/\/www.liceodeourense.com\/2.0\/?p=16821","title":{"rendered":"EXTRAORDINARIO CONCERTO do TRIO \u00c1RTABRO."},"content":{"rendered":"<h3>Extraordinario Concerto do TRIO \u00c1RTABRO, unha aut\u00e9ntica marabilla, un luxo para todos os que acudimos esta tarde de s\u00e1bado o Sal\u00f3n Noble do Liceo de Ourense.\u00a0 Nesta ocasi\u00f3n interpretaron unha incursi\u00f3n no repertorio can\u00f3nico para tr\u00edo con piano, aportando a s\u00faa versi\u00f3n de\u00a0 obras emblem\u00e1ticas de Shostak\u00f3vich e Schubert.\u00a0 O Tr\u00edo \u00c1rtabro \u00e9 unha agrupaci\u00f3n integrada por m\u00fasicos galegos cunha dilatada experiencia tocando xuntos, en diferentes formaci\u00f3n camer\u00edsticas, NURIA DIAZ o PIANO, JAVI CEDR\u00d3N o VIOLIN e JUANCHO ALMARZA o VIOLONCHELO. Te\u00f1en ofrecido as s\u00faas interpretaci\u00f3ns en salas como o Museo de Belas Artes ou o Paraninfo da Universidade da Coru\u00f1a. Todos eles son docentes no Conservatorio Profesional da Coru\u00f1a.<\/h3>\n<p><img loading=\"lazy\" decoding=\"async\" class=\"alignnone size-full wp-image-16822\" src=\"https:\/\/www.liceodeourense.com\/2.0\/wp-content\/uploads\/TRIO-ARTABRO-02.jpg\" alt=\"\" width=\"1094\" height=\"821\" srcset=\"https:\/\/www.liceodeourense.com\/2.0\/wp-content\/uploads\/TRIO-ARTABRO-02.jpg 1094w, https:\/\/www.liceodeourense.com\/2.0\/wp-content\/uploads\/TRIO-ARTABRO-02-300x225.jpg 300w, https:\/\/www.liceodeourense.com\/2.0\/wp-content\/uploads\/TRIO-ARTABRO-02-1024x768.jpg 1024w, https:\/\/www.liceodeourense.com\/2.0\/wp-content\/uploads\/TRIO-ARTABRO-02-768x576.jpg 768w\" sizes=\"auto, (max-width: 1094px) 100vw, 1094px\" \/><img loading=\"lazy\" decoding=\"async\" class=\"alignnone size-full wp-image-16723\" src=\"https:\/\/www.liceodeourense.com\/2.0\/wp-content\/uploads\/TRIO-ARTABRO.jpg\" alt=\"\" width=\"1283\" height=\"1814\" srcset=\"https:\/\/www.liceodeourense.com\/2.0\/wp-content\/uploads\/TRIO-ARTABRO.jpg 1283w, https:\/\/www.liceodeourense.com\/2.0\/wp-content\/uploads\/TRIO-ARTABRO-212x300.jpg 212w, https:\/\/www.liceodeourense.com\/2.0\/wp-content\/uploads\/TRIO-ARTABRO-724x1024.jpg 724w, https:\/\/www.liceodeourense.com\/2.0\/wp-content\/uploads\/TRIO-ARTABRO-768x1086.jpg 768w, https:\/\/www.liceodeourense.com\/2.0\/wp-content\/uploads\/TRIO-ARTABRO-1086x1536.jpg 1086w\" sizes=\"auto, (max-width: 1283px) 100vw, 1283px\" \/><\/p>\n","protected":false},"excerpt":{"rendered":"<p>Extraordinario Concerto do TRIO \u00c1RTABRO, unha aut\u00e9ntica marabilla, un luxo para todos os que acudimos esta tarde de s\u00e1bado o Sal\u00f3n Noble do Liceo de Ourense.\u00a0 Nesta ocasi\u00f3n interpretaron unha incursi\u00f3n no repertorio can\u00f3nico para tr\u00edo con piano, aportando a s\u00faa versi\u00f3n de\u00a0 obras emblem\u00e1ticas de Shostak\u00f3vich e Schubert.\u00a0 O Tr\u00edo \u00c1rtabro \u00e9 unha agrupaci\u00f3n [&hellip;]<\/p>\n","protected":false},"author":2,"featured_media":16823,"comment_status":"open","ping_status":"closed","sticky":false,"template":"","format":"standard","meta":{"footnotes":""},"categories":[5],"tags":[],"class_list":["post-16821","post","type-post","status-publish","format-standard","has-post-thumbnail","hentry","category-musica"],"_links":{"self":[{"href":"http:\/\/www.liceodeourense.com\/2.0\/index.php?rest_route=\/wp\/v2\/posts\/16821","targetHints":{"allow":["GET"]}}],"collection":[{"href":"http:\/\/www.liceodeourense.com\/2.0\/index.php?rest_route=\/wp\/v2\/posts"}],"about":[{"href":"http:\/\/www.liceodeourense.com\/2.0\/index.php?rest_route=\/wp\/v2\/types\/post"}],"author":[{"embeddable":true,"href":"http:\/\/www.liceodeourense.com\/2.0\/index.php?rest_route=\/wp\/v2\/users\/2"}],"replies":[{"embeddable":true,"href":"http:\/\/www.liceodeourense.com\/2.0\/index.php?rest_route=%2Fwp%2Fv2%2Fcomments&post=16821"}],"version-history":[{"count":1,"href":"http:\/\/www.liceodeourense.com\/2.0\/index.php?rest_route=\/wp\/v2\/posts\/16821\/revisions"}],"predecessor-version":[{"id":16824,"href":"http:\/\/www.liceodeourense.com\/2.0\/index.php?rest_route=\/wp\/v2\/posts\/16821\/revisions\/16824"}],"wp:featuredmedia":[{"embeddable":true,"href":"http:\/\/www.liceodeourense.com\/2.0\/index.php?rest_route=\/wp\/v2\/media\/16823"}],"wp:attachment":[{"href":"http:\/\/www.liceodeourense.com\/2.0\/index.php?rest_route=%2Fwp%2Fv2%2Fmedia&parent=16821"}],"wp:term":[{"taxonomy":"category","embeddable":true,"href":"http:\/\/www.liceodeourense.com\/2.0\/index.php?rest_route=%2Fwp%2Fv2%2Fcategories&post=16821"},{"taxonomy":"post_tag","embeddable":true,"href":"http:\/\/www.liceodeourense.com\/2.0\/index.php?rest_route=%2Fwp%2Fv2%2Ftags&post=16821"}],"curies":[{"name":"wp","href":"https:\/\/api.w.org\/{rel}","templated":true}]}}