{"id":15978,"date":"2023-11-22T22:15:33","date_gmt":"2023-11-22T21:15:33","guid":{"rendered":"https:\/\/www.liceodeourense.com\/2.0\/?p=15978"},"modified":"2023-11-23T11:16:28","modified_gmt":"2023-11-23T10:16:28","slug":"magnifica-conferencia-de-d-miguel-angel-gonzalez-garcia","status":"publish","type":"post","link":"http:\/\/www.liceodeourense.com\/2.0\/?p=15978","title":{"rendered":"Magn\u00edfica CONFERENCIA DE  D. MIGUEL ANGEL GONZ\u00c1LEZ GARC\u00cdA"},"content":{"rendered":"<h3>Como ya es habitual ya desde hace m\u00e1s de 20 a\u00f1os, entorno a la Festividad de San Marti\u00f1o nuestra Sociedad lleva a cabo un programa cultural en el que no puede faltar de ninguna manera una CONFERENCIA DE D. MIGUEL ANGEL GONZ\u00c1LEZ GARC\u00cdA, Socio de Honor del Liceo y pieza fundamental de todas las excursiones y actividades llevadas a cabo por nuestra entidad en todo aquello que tenga que ver con el Patrimonio y la Historia.<\/h3>\n<h3>Pues en esa ocasi\u00f3n D. Miguel \u00c1ngel\u00a0 nos quiso hablar de \u00abLas Ermitas un Santuario en Tierras del Bibei.\u00bb \u00abAcercamiento a su historia, arte y religiosidad\u00bb. Una disertaci\u00f3n como siempre, clara, concisa, educadora y de un alt\u00edsimo nivel de conocimientos. As\u00ed nos hizo un recorrido de este Santuario desde su bibliograf\u00eda, su geograf\u00eda sorprendente en en el entorno del r\u00edo Bibei; Tambi\u00e9n sus desgracias que no fueron pocas a lo largo de su historia como la Guerra de la Independencia, o el desplome de parte de una de las laderas de la monta\u00f1a el 22\u00a0 de diciembre 1909, o las grietas constantes en su muros.<\/h3>\n<h3>Aun as\u00ed D. Miguel nos cont\u00f3 como El barroco de sus piedras se hace plegaria,\u00a0 con su atrio de piedra haciendo dibujos en la entrada, su fachada excepcional, las torres, las casas construidas a su lado, su interior con unos retablos barrocos impresionantes. Tambi\u00e9n destacar la Santa Imagen de la Virgen tan venerada y el camar\u00edn. El Viacrucis-Sacromonte. Una Semana Santa muy peculiar,\u00a0 Los obispos que tuvieron una gran preocupaci\u00f3n por\u00a0 este Santuario. Con la gran cantidad de muestras y recuerdos que existen de su devoci\u00f3n. En fin un patrimonio tan rico con tantas obras y tantas curiosidades.\u00a0 Para terminar D. Miguel \u00c1ngel Gonz\u00e1lez nos recit\u00f3 un poema de su autor\u00eda, (una de las grande pasiones de D. Miguel) titulado \u00abPregaria de Oliveiras na calma das Ermidas\u00bb.<\/h3>\n<h3>No queremos terminar este resumen sin darle las gracias infinitas a D. Miguel \u00c1ngel, amigo de todos, lice\u00edsta de pro, persona excepcional a la que todos los del Liceo debemos tanto. Ojal\u00e1 podamos seguir disfrutando de las disertaciones de D. Miguel \u00c1ngel durante San Marti\u00f1o 20 a\u00f1os mas. Y muchas gracias todos los que quisisteis estar hoy en el Sal\u00f3n Noble del Liceo a su lado.<\/h3>\n<h3><img loading=\"lazy\" decoding=\"async\" class=\"alignleft wp-image-15980 size-full\" src=\"https:\/\/www.liceodeourense.com\/2.0\/wp-content\/uploads\/MIGUEL-ANGEL-2023-02.jpg\" alt=\"\" width=\"1090\" height=\"518\" srcset=\"https:\/\/www.liceodeourense.com\/2.0\/wp-content\/uploads\/MIGUEL-ANGEL-2023-02.jpg 1090w, https:\/\/www.liceodeourense.com\/2.0\/wp-content\/uploads\/MIGUEL-ANGEL-2023-02-300x143.jpg 300w, https:\/\/www.liceodeourense.com\/2.0\/wp-content\/uploads\/MIGUEL-ANGEL-2023-02-1024x487.jpg 1024w, https:\/\/www.liceodeourense.com\/2.0\/wp-content\/uploads\/MIGUEL-ANGEL-2023-02-768x365.jpg 768w\" sizes=\"auto, (max-width: 1090px) 100vw, 1090px\" \/> <img loading=\"lazy\" decoding=\"async\" class=\"alignleft wp-image-15981 size-full\" src=\"https:\/\/www.liceodeourense.com\/2.0\/wp-content\/uploads\/MIGUEL-ANGEL-2023-03.jpg\" alt=\"\" width=\"1094\" height=\"821\" srcset=\"https:\/\/www.liceodeourense.com\/2.0\/wp-content\/uploads\/MIGUEL-ANGEL-2023-03.jpg 1094w, https:\/\/www.liceodeourense.com\/2.0\/wp-content\/uploads\/MIGUEL-ANGEL-2023-03-300x225.jpg 300w, https:\/\/www.liceodeourense.com\/2.0\/wp-content\/uploads\/MIGUEL-ANGEL-2023-03-1024x768.jpg 1024w, https:\/\/www.liceodeourense.com\/2.0\/wp-content\/uploads\/MIGUEL-ANGEL-2023-03-768x576.jpg 768w\" sizes=\"auto, (max-width: 1094px) 100vw, 1094px\" \/><img loading=\"lazy\" decoding=\"async\" class=\"alignleft wp-image-15962 size-large\" src=\"https:\/\/www.liceodeourense.com\/2.0\/wp-content\/uploads\/MIGUEL-ANGEL-1-724x1024.jpg\" alt=\"\" width=\"640\" height=\"905\" srcset=\"https:\/\/www.liceodeourense.com\/2.0\/wp-content\/uploads\/MIGUEL-ANGEL-1-724x1024.jpg 724w, https:\/\/www.liceodeourense.com\/2.0\/wp-content\/uploads\/MIGUEL-ANGEL-1-212x300.jpg 212w, https:\/\/www.liceodeourense.com\/2.0\/wp-content\/uploads\/MIGUEL-ANGEL-1-768x1086.jpg 768w, https:\/\/www.liceodeourense.com\/2.0\/wp-content\/uploads\/MIGUEL-ANGEL-1-1087x1536.jpg 1087w, https:\/\/www.liceodeourense.com\/2.0\/wp-content\/uploads\/MIGUEL-ANGEL-1-1449x2048.jpg 1449w, https:\/\/www.liceodeourense.com\/2.0\/wp-content\/uploads\/MIGUEL-ANGEL-1.jpg 1526w\" sizes=\"auto, (max-width: 640px) 100vw, 640px\" \/><\/h3>\n","protected":false},"excerpt":{"rendered":"<p>Como ya es habitual ya desde hace m\u00e1s de 20 a\u00f1os, entorno a la Festividad de San Marti\u00f1o nuestra Sociedad lleva a cabo un programa cultural en el que no puede faltar de ninguna manera una CONFERENCIA DE D. MIGUEL ANGEL GONZ\u00c1LEZ GARC\u00cdA, Socio de Honor del Liceo y pieza fundamental de todas las excursiones [&hellip;]<\/p>\n","protected":false},"author":2,"featured_media":15979,"comment_status":"open","ping_status":"closed","sticky":false,"template":"","format":"standard","meta":{"footnotes":""},"categories":[43,8],"tags":[],"class_list":["post-15978","post","type-post","status-publish","format-standard","has-post-thumbnail","hentry","category-conferencias","category-seccion-de-arte-e-historia"],"_links":{"self":[{"href":"http:\/\/www.liceodeourense.com\/2.0\/index.php?rest_route=\/wp\/v2\/posts\/15978","targetHints":{"allow":["GET"]}}],"collection":[{"href":"http:\/\/www.liceodeourense.com\/2.0\/index.php?rest_route=\/wp\/v2\/posts"}],"about":[{"href":"http:\/\/www.liceodeourense.com\/2.0\/index.php?rest_route=\/wp\/v2\/types\/post"}],"author":[{"embeddable":true,"href":"http:\/\/www.liceodeourense.com\/2.0\/index.php?rest_route=\/wp\/v2\/users\/2"}],"replies":[{"embeddable":true,"href":"http:\/\/www.liceodeourense.com\/2.0\/index.php?rest_route=%2Fwp%2Fv2%2Fcomments&post=15978"}],"version-history":[{"count":2,"href":"http:\/\/www.liceodeourense.com\/2.0\/index.php?rest_route=\/wp\/v2\/posts\/15978\/revisions"}],"predecessor-version":[{"id":15983,"href":"http:\/\/www.liceodeourense.com\/2.0\/index.php?rest_route=\/wp\/v2\/posts\/15978\/revisions\/15983"}],"wp:featuredmedia":[{"embeddable":true,"href":"http:\/\/www.liceodeourense.com\/2.0\/index.php?rest_route=\/wp\/v2\/media\/15979"}],"wp:attachment":[{"href":"http:\/\/www.liceodeourense.com\/2.0\/index.php?rest_route=%2Fwp%2Fv2%2Fmedia&parent=15978"}],"wp:term":[{"taxonomy":"category","embeddable":true,"href":"http:\/\/www.liceodeourense.com\/2.0\/index.php?rest_route=%2Fwp%2Fv2%2Fcategories&post=15978"},{"taxonomy":"post_tag","embeddable":true,"href":"http:\/\/www.liceodeourense.com\/2.0\/index.php?rest_route=%2Fwp%2Fv2%2Ftags&post=15978"}],"curies":[{"name":"wp","href":"https:\/\/api.w.org\/{rel}","templated":true}]}}