{"id":15711,"date":"2023-06-26T22:49:06","date_gmt":"2023-06-26T21:49:06","guid":{"rendered":"https:\/\/www.liceodeourense.com\/2.0\/?p=15711"},"modified":"2023-06-28T10:58:03","modified_gmt":"2023-06-28T09:58:03","slug":"interesante-conferencia-del-dr-manuel-seco-sobre-crisis-de-la-sanidad-causas-y-soluciones","status":"publish","type":"post","link":"http:\/\/www.liceodeourense.com\/2.0\/?p=15711","title":{"rendered":"Interesante conferencia del Dr. MANUEL SECO, sobre Crisis de la Sanidad. Causas y Soluciones"},"content":{"rendered":"<h3>Muy interesante disertaci\u00f3n del Dr. MANUEL SECO,\u00a0 (ExJefe de la Secci\u00f3n de Medicina interna y ExJefe de urgencias del CHUO Ourense) sobre la \u00abCrisis de la Sanidad. Causas y Soluciones\u00bb, la que ofreci\u00f3 esta tarde en la Sala de Tertulia del Liceo,\u00a0 explicando que es necesario un gran PACTO SOCIAL desde el colectivo de M\u00e9dicos, y enfermer\u00eda, que es imprescindible la docencia y la investigaci\u00f3n desde los mismos centros de salud y los hospitales. Y que la Sanidad es el negocio m\u00e1s grande del mundo&#8230;&#8230; por eso es necesario tener una Sanidad P\u00fablica efectiva, con garant\u00edas y de calidad.<\/h3>\n<p><img loading=\"lazy\" decoding=\"async\" class=\"alignleft wp-image-15712 size-full\" src=\"https:\/\/www.liceodeourense.com\/2.0\/wp-content\/uploads\/DOCTOR-SECO-00.jpg\" alt=\"\" width=\"1094\" height=\"821\" srcset=\"https:\/\/www.liceodeourense.com\/2.0\/wp-content\/uploads\/DOCTOR-SECO-00.jpg 1094w, https:\/\/www.liceodeourense.com\/2.0\/wp-content\/uploads\/DOCTOR-SECO-00-300x225.jpg 300w, https:\/\/www.liceodeourense.com\/2.0\/wp-content\/uploads\/DOCTOR-SECO-00-1024x768.jpg 1024w, https:\/\/www.liceodeourense.com\/2.0\/wp-content\/uploads\/DOCTOR-SECO-00-768x576.jpg 768w\" sizes=\"auto, (max-width: 1094px) 100vw, 1094px\" \/><img loading=\"lazy\" decoding=\"async\" class=\"alignleft wp-image-15658 size-large\" src=\"https:\/\/www.liceodeourense.com\/2.0\/wp-content\/uploads\/DR.-SECO-724x1024.jpg\" alt=\"\" width=\"640\" height=\"905\" srcset=\"https:\/\/www.liceodeourense.com\/2.0\/wp-content\/uploads\/DR.-SECO-724x1024.jpg 724w, https:\/\/www.liceodeourense.com\/2.0\/wp-content\/uploads\/DR.-SECO-212x300.jpg 212w, https:\/\/www.liceodeourense.com\/2.0\/wp-content\/uploads\/DR.-SECO-768x1086.jpg 768w, https:\/\/www.liceodeourense.com\/2.0\/wp-content\/uploads\/DR.-SECO-1087x1536.jpg 1087w, https:\/\/www.liceodeourense.com\/2.0\/wp-content\/uploads\/DR.-SECO-1449x2048.jpg 1449w, https:\/\/www.liceodeourense.com\/2.0\/wp-content\/uploads\/DR.-SECO.jpg 1526w\" sizes=\"auto, (max-width: 640px) 100vw, 640px\" \/><\/p>\n","protected":false},"excerpt":{"rendered":"<p>Muy interesante disertaci\u00f3n del Dr. MANUEL SECO,\u00a0 (ExJefe de la Secci\u00f3n de Medicina interna y ExJefe de urgencias del CHUO Ourense) sobre la \u00abCrisis de la Sanidad. Causas y Soluciones\u00bb, la que ofreci\u00f3 esta tarde en la Sala de Tertulia del Liceo,\u00a0 explicando que es necesario un gran PACTO SOCIAL desde el colectivo de M\u00e9dicos, [&hellip;]<\/p>\n","protected":false},"author":2,"featured_media":15713,"comment_status":"open","ping_status":"closed","sticky":false,"template":"","format":"standard","meta":{"footnotes":""},"categories":[43],"tags":[],"class_list":["post-15711","post","type-post","status-publish","format-standard","has-post-thumbnail","hentry","category-conferencias"],"_links":{"self":[{"href":"http:\/\/www.liceodeourense.com\/2.0\/index.php?rest_route=\/wp\/v2\/posts\/15711","targetHints":{"allow":["GET"]}}],"collection":[{"href":"http:\/\/www.liceodeourense.com\/2.0\/index.php?rest_route=\/wp\/v2\/posts"}],"about":[{"href":"http:\/\/www.liceodeourense.com\/2.0\/index.php?rest_route=\/wp\/v2\/types\/post"}],"author":[{"embeddable":true,"href":"http:\/\/www.liceodeourense.com\/2.0\/index.php?rest_route=\/wp\/v2\/users\/2"}],"replies":[{"embeddable":true,"href":"http:\/\/www.liceodeourense.com\/2.0\/index.php?rest_route=%2Fwp%2Fv2%2Fcomments&post=15711"}],"version-history":[{"count":1,"href":"http:\/\/www.liceodeourense.com\/2.0\/index.php?rest_route=\/wp\/v2\/posts\/15711\/revisions"}],"predecessor-version":[{"id":15714,"href":"http:\/\/www.liceodeourense.com\/2.0\/index.php?rest_route=\/wp\/v2\/posts\/15711\/revisions\/15714"}],"wp:featuredmedia":[{"embeddable":true,"href":"http:\/\/www.liceodeourense.com\/2.0\/index.php?rest_route=\/wp\/v2\/media\/15713"}],"wp:attachment":[{"href":"http:\/\/www.liceodeourense.com\/2.0\/index.php?rest_route=%2Fwp%2Fv2%2Fmedia&parent=15711"}],"wp:term":[{"taxonomy":"category","embeddable":true,"href":"http:\/\/www.liceodeourense.com\/2.0\/index.php?rest_route=%2Fwp%2Fv2%2Fcategories&post=15711"},{"taxonomy":"post_tag","embeddable":true,"href":"http:\/\/www.liceodeourense.com\/2.0\/index.php?rest_route=%2Fwp%2Fv2%2Ftags&post=15711"}],"curies":[{"name":"wp","href":"https:\/\/api.w.org\/{rel}","templated":true}]}}