{"id":15610,"date":"2023-06-03T22:02:55","date_gmt":"2023-06-03T21:02:55","guid":{"rendered":"https:\/\/www.liceodeourense.com\/2.0\/?p=15610"},"modified":"2023-06-05T10:07:09","modified_gmt":"2023-06-05T09:07:09","slug":"interesantisima-proposta-a-de-loren-tabares-e-david-cid","status":"publish","type":"post","link":"http:\/\/www.liceodeourense.com\/2.0\/?p=15610","title":{"rendered":"Interesant\u00edsima proposta a de Loren Tabar\u00e9s e David Cid."},"content":{"rendered":"<h3>Dous baixos&#8230;.. curiosoooo&#8230;. pero moi interesante proposta a que nos fixeron Loren Tabar\u00e9s e David Cid esta tarde no Liceo, cun repertorio exquisito, fixeron que a m\u00fasica de calidade soase no Sal\u00f3n Noble&#8230; Moitas gracias a todos os que nos quixestedes acompa\u00f1ar.<\/h3>\n<p><img loading=\"lazy\" decoding=\"async\" class=\"alignleft wp-image-15611 size-full\" src=\"https:\/\/www.liceodeourense.com\/2.0\/wp-content\/uploads\/LOREN-TABARES-DAVID-CID-0.jpg\" alt=\"\" width=\"1440\" height=\"710\" srcset=\"https:\/\/www.liceodeourense.com\/2.0\/wp-content\/uploads\/LOREN-TABARES-DAVID-CID-0.jpg 1440w, https:\/\/www.liceodeourense.com\/2.0\/wp-content\/uploads\/LOREN-TABARES-DAVID-CID-0-300x148.jpg 300w, https:\/\/www.liceodeourense.com\/2.0\/wp-content\/uploads\/LOREN-TABARES-DAVID-CID-0-1024x505.jpg 1024w, https:\/\/www.liceodeourense.com\/2.0\/wp-content\/uploads\/LOREN-TABARES-DAVID-CID-0-768x379.jpg 768w\" sizes=\"auto, (max-width: 1440px) 100vw, 1440px\" \/> <img loading=\"lazy\" decoding=\"async\" class=\"alignleft wp-image-15612 size-full\" src=\"https:\/\/www.liceodeourense.com\/2.0\/wp-content\/uploads\/LOREN-TABARES-DAVID-CID-1.jpg\" alt=\"\" width=\"1616\" height=\"528\" srcset=\"https:\/\/www.liceodeourense.com\/2.0\/wp-content\/uploads\/LOREN-TABARES-DAVID-CID-1.jpg 1616w, https:\/\/www.liceodeourense.com\/2.0\/wp-content\/uploads\/LOREN-TABARES-DAVID-CID-1-300x98.jpg 300w, https:\/\/www.liceodeourense.com\/2.0\/wp-content\/uploads\/LOREN-TABARES-DAVID-CID-1-1024x335.jpg 1024w, https:\/\/www.liceodeourense.com\/2.0\/wp-content\/uploads\/LOREN-TABARES-DAVID-CID-1-768x251.jpg 768w, https:\/\/www.liceodeourense.com\/2.0\/wp-content\/uploads\/LOREN-TABARES-DAVID-CID-1-1536x502.jpg 1536w\" sizes=\"auto, (max-width: 1616px) 100vw, 1616px\" \/> <img loading=\"lazy\" decoding=\"async\" class=\"alignleft wp-image-15614 size-full\" src=\"https:\/\/www.liceodeourense.com\/2.0\/wp-content\/uploads\/LOREN-TABARES-DAVID-CID-3.jpg\" alt=\"\" width=\"821\" height=\"1094\" srcset=\"https:\/\/www.liceodeourense.com\/2.0\/wp-content\/uploads\/LOREN-TABARES-DAVID-CID-3.jpg 821w, https:\/\/www.liceodeourense.com\/2.0\/wp-content\/uploads\/LOREN-TABARES-DAVID-CID-3-225x300.jpg 225w, https:\/\/www.liceodeourense.com\/2.0\/wp-content\/uploads\/LOREN-TABARES-DAVID-CID-3-768x1023.jpg 768w\" sizes=\"auto, (max-width: 821px) 100vw, 821px\" \/> <img loading=\"lazy\" decoding=\"async\" class=\"alignleft wp-image-15615 size-full\" src=\"https:\/\/www.liceodeourense.com\/2.0\/wp-content\/uploads\/LOREN-TABARES-DAVID-CID-4.jpg\" alt=\"\" width=\"821\" height=\"1094\" srcset=\"https:\/\/www.liceodeourense.com\/2.0\/wp-content\/uploads\/LOREN-TABARES-DAVID-CID-4.jpg 821w, https:\/\/www.liceodeourense.com\/2.0\/wp-content\/uploads\/LOREN-TABARES-DAVID-CID-4-225x300.jpg 225w, https:\/\/www.liceodeourense.com\/2.0\/wp-content\/uploads\/LOREN-TABARES-DAVID-CID-4-768x1023.jpg 768w\" sizes=\"auto, (max-width: 821px) 100vw, 821px\" \/><img loading=\"lazy\" decoding=\"async\" class=\"alignleft wp-image-15531 size-large\" src=\"https:\/\/www.liceodeourense.com\/2.0\/wp-content\/uploads\/LOREN-TABARES-DAVID-CID-1024x723.jpg\" alt=\"\" width=\"640\" height=\"452\" srcset=\"https:\/\/www.liceodeourense.com\/2.0\/wp-content\/uploads\/LOREN-TABARES-DAVID-CID-1024x723.jpg 1024w, https:\/\/www.liceodeourense.com\/2.0\/wp-content\/uploads\/LOREN-TABARES-DAVID-CID-300x212.jpg 300w, https:\/\/www.liceodeourense.com\/2.0\/wp-content\/uploads\/LOREN-TABARES-DAVID-CID-768x542.jpg 768w, https:\/\/www.liceodeourense.com\/2.0\/wp-content\/uploads\/LOREN-TABARES-DAVID-CID-1536x1085.jpg 1536w, https:\/\/www.liceodeourense.com\/2.0\/wp-content\/uploads\/LOREN-TABARES-DAVID-CID.jpg 1815w\" sizes=\"auto, (max-width: 640px) 100vw, 640px\" \/><\/p>\n","protected":false},"excerpt":{"rendered":"<p>Dous baixos&#8230;.. curiosoooo&#8230;. pero moi interesante proposta a que nos fixeron Loren Tabar\u00e9s e David Cid esta tarde no Liceo, cun repertorio exquisito, fixeron que a m\u00fasica de calidade soase no Sal\u00f3n Noble&#8230; Moitas gracias a todos os que nos quixestedes acompa\u00f1ar.<\/p>\n","protected":false},"author":2,"featured_media":15613,"comment_status":"open","ping_status":"closed","sticky":false,"template":"","format":"standard","meta":{"footnotes":""},"categories":[5,21],"tags":[],"class_list":["post-15610","post","type-post","status-publish","format-standard","has-post-thumbnail","hentry","category-musica","category-musica-concertos-patio-de-columnas"],"_links":{"self":[{"href":"http:\/\/www.liceodeourense.com\/2.0\/index.php?rest_route=\/wp\/v2\/posts\/15610","targetHints":{"allow":["GET"]}}],"collection":[{"href":"http:\/\/www.liceodeourense.com\/2.0\/index.php?rest_route=\/wp\/v2\/posts"}],"about":[{"href":"http:\/\/www.liceodeourense.com\/2.0\/index.php?rest_route=\/wp\/v2\/types\/post"}],"author":[{"embeddable":true,"href":"http:\/\/www.liceodeourense.com\/2.0\/index.php?rest_route=\/wp\/v2\/users\/2"}],"replies":[{"embeddable":true,"href":"http:\/\/www.liceodeourense.com\/2.0\/index.php?rest_route=%2Fwp%2Fv2%2Fcomments&post=15610"}],"version-history":[{"count":1,"href":"http:\/\/www.liceodeourense.com\/2.0\/index.php?rest_route=\/wp\/v2\/posts\/15610\/revisions"}],"predecessor-version":[{"id":15616,"href":"http:\/\/www.liceodeourense.com\/2.0\/index.php?rest_route=\/wp\/v2\/posts\/15610\/revisions\/15616"}],"wp:featuredmedia":[{"embeddable":true,"href":"http:\/\/www.liceodeourense.com\/2.0\/index.php?rest_route=\/wp\/v2\/media\/15613"}],"wp:attachment":[{"href":"http:\/\/www.liceodeourense.com\/2.0\/index.php?rest_route=%2Fwp%2Fv2%2Fmedia&parent=15610"}],"wp:term":[{"taxonomy":"category","embeddable":true,"href":"http:\/\/www.liceodeourense.com\/2.0\/index.php?rest_route=%2Fwp%2Fv2%2Fcategories&post=15610"},{"taxonomy":"post_tag","embeddable":true,"href":"http:\/\/www.liceodeourense.com\/2.0\/index.php?rest_route=%2Fwp%2Fv2%2Ftags&post=15610"}],"curies":[{"name":"wp","href":"https:\/\/api.w.org\/{rel}","templated":true}]}}