{"id":15579,"date":"2023-05-26T23:00:03","date_gmt":"2023-05-26T22:00:03","guid":{"rendered":"https:\/\/www.liceodeourense.com\/2.0\/?p=15579"},"modified":"2023-05-31T12:29:34","modified_gmt":"2023-05-31T11:29:34","slug":"que-lujo-para-el-liceo-extraordinario-concierto-de-pedro-guerra","status":"publish","type":"post","link":"http:\/\/www.liceodeourense.com\/2.0\/?p=15579","title":{"rendered":"QUE LUJO PARA EL LICEO&#8230;. EXTRAORDINARIO CONCIERTO DE PEDRO GUERRA &#8230;"},"content":{"rendered":"<h3>Que lujo para El Liceo tener al Cantautor PEDRO GUERRA en su escenario del Sal\u00f3n Noble, un extraordinario concierto de casi dos horas, en el que nos ofreci\u00f3 40 temas de su repertorio, cas\u00ed nada&#8230; una aut\u00e9ntica maravilla.<\/h3>\n<p><img loading=\"lazy\" decoding=\"async\" class=\"alignleft wp-image-15580 size-large\" src=\"https:\/\/www.liceodeourense.com\/2.0\/wp-content\/uploads\/PEDRO-GUERRA-01-473x1024.jpg\" alt=\"\" width=\"473\" height=\"1024\" srcset=\"https:\/\/www.liceodeourense.com\/2.0\/wp-content\/uploads\/PEDRO-GUERRA-01-473x1024.jpg 473w, https:\/\/www.liceodeourense.com\/2.0\/wp-content\/uploads\/PEDRO-GUERRA-01-138x300.jpg 138w, https:\/\/www.liceodeourense.com\/2.0\/wp-content\/uploads\/PEDRO-GUERRA-01-768x1664.jpg 768w, https:\/\/www.liceodeourense.com\/2.0\/wp-content\/uploads\/PEDRO-GUERRA-01-709x1536.jpg 709w, https:\/\/www.liceodeourense.com\/2.0\/wp-content\/uploads\/PEDRO-GUERRA-01-945x2048.jpg 945w, https:\/\/www.liceodeourense.com\/2.0\/wp-content\/uploads\/PEDRO-GUERRA-01.jpg 1080w\" sizes=\"auto, (max-width: 473px) 100vw, 473px\" \/><\/p>\n<h3>Muchas gracias Pedro por venir al Liceo, y a su \u00abmano derecha\u00bb Mar\u00eda por hacerlo posible&#8230; aqu\u00ed os esperamos..\u00a0 ojal\u00e1 sea pronto.<\/h3>\n<h3>PEDRO GUERRA PREPARA SU REPERTORIO PARA ESTE CONCIERTO CON LAS CANCIONES QUE PIDE EL P\u00daBLICO AL ADQUIRIR SU ENTRADA. CADA CONCIERTO ES ESPECIAL Y DIFERENTE CON UN LISTADO DE CANCIONES PERSONALIZADO. \u00abP\u00cdDEME\u00bb<\/h3>\n<p><img loading=\"lazy\" decoding=\"async\" class=\"alignleft wp-image-15582 size-large\" src=\"https:\/\/www.liceodeourense.com\/2.0\/wp-content\/uploads\/PEDRO-GUERRA-03-1024x987.jpg\" alt=\"\" width=\"640\" height=\"617\" srcset=\"https:\/\/www.liceodeourense.com\/2.0\/wp-content\/uploads\/PEDRO-GUERRA-03-1024x987.jpg 1024w, https:\/\/www.liceodeourense.com\/2.0\/wp-content\/uploads\/PEDRO-GUERRA-03-300x289.jpg 300w, https:\/\/www.liceodeourense.com\/2.0\/wp-content\/uploads\/PEDRO-GUERRA-03-768x740.jpg 768w, https:\/\/www.liceodeourense.com\/2.0\/wp-content\/uploads\/PEDRO-GUERRA-03.jpg 1074w\" sizes=\"auto, (max-width: 640px) 100vw, 640px\" \/><img loading=\"lazy\" decoding=\"async\" class=\"alignnone wp-image-15583 size-large\" src=\"https:\/\/www.liceodeourense.com\/2.0\/wp-content\/uploads\/PEDRO-GUERRA-04-768x1024.jpg\" alt=\"\" width=\"640\" height=\"853\" srcset=\"https:\/\/www.liceodeourense.com\/2.0\/wp-content\/uploads\/PEDRO-GUERRA-04-768x1023.jpg 768w, https:\/\/www.liceodeourense.com\/2.0\/wp-content\/uploads\/PEDRO-GUERRA-04-225x300.jpg 225w, https:\/\/www.liceodeourense.com\/2.0\/wp-content\/uploads\/PEDRO-GUERRA-04.jpg 821w\" sizes=\"auto, (max-width: 640px) 100vw, 640px\" \/><img loading=\"lazy\" decoding=\"async\" class=\"alignleft wp-image-15546 size-large\" src=\"https:\/\/www.liceodeourense.com\/2.0\/wp-content\/uploads\/PEDRO-GUERRA-1-724x1024.jpg\" alt=\"\" width=\"640\" height=\"905\" srcset=\"https:\/\/www.liceodeourense.com\/2.0\/wp-content\/uploads\/PEDRO-GUERRA-1-724x1024.jpg 724w, https:\/\/www.liceodeourense.com\/2.0\/wp-content\/uploads\/PEDRO-GUERRA-1-212x300.jpg 212w, https:\/\/www.liceodeourense.com\/2.0\/wp-content\/uploads\/PEDRO-GUERRA-1-768x1086.jpg 768w, https:\/\/www.liceodeourense.com\/2.0\/wp-content\/uploads\/PEDRO-GUERRA-1-1086x1536.jpg 1086w, https:\/\/www.liceodeourense.com\/2.0\/wp-content\/uploads\/PEDRO-GUERRA-1.jpg 1283w\" sizes=\"auto, (max-width: 640px) 100vw, 640px\" \/><\/p>\n<h3><\/h3>\n<p>&nbsp;<\/p>\n","protected":false},"excerpt":{"rendered":"<p>Que lujo para El Liceo tener al Cantautor PEDRO GUERRA en su escenario del Sal\u00f3n Noble, un extraordinario concierto de casi dos horas, en el que nos ofreci\u00f3 40 temas de su repertorio, cas\u00ed nada&#8230; una aut\u00e9ntica maravilla. Muchas gracias Pedro por venir al Liceo, y a su \u00abmano derecha\u00bb Mar\u00eda por hacerlo posible&#8230; aqu\u00ed [&hellip;]<\/p>\n","protected":false},"author":2,"featured_media":15582,"comment_status":"open","ping_status":"closed","sticky":false,"template":"","format":"standard","meta":{"footnotes":""},"categories":[5,21],"tags":[],"class_list":["post-15579","post","type-post","status-publish","format-standard","has-post-thumbnail","hentry","category-musica","category-musica-concertos-patio-de-columnas"],"_links":{"self":[{"href":"http:\/\/www.liceodeourense.com\/2.0\/index.php?rest_route=\/wp\/v2\/posts\/15579","targetHints":{"allow":["GET"]}}],"collection":[{"href":"http:\/\/www.liceodeourense.com\/2.0\/index.php?rest_route=\/wp\/v2\/posts"}],"about":[{"href":"http:\/\/www.liceodeourense.com\/2.0\/index.php?rest_route=\/wp\/v2\/types\/post"}],"author":[{"embeddable":true,"href":"http:\/\/www.liceodeourense.com\/2.0\/index.php?rest_route=\/wp\/v2\/users\/2"}],"replies":[{"embeddable":true,"href":"http:\/\/www.liceodeourense.com\/2.0\/index.php?rest_route=%2Fwp%2Fv2%2Fcomments&post=15579"}],"version-history":[{"count":2,"href":"http:\/\/www.liceodeourense.com\/2.0\/index.php?rest_route=\/wp\/v2\/posts\/15579\/revisions"}],"predecessor-version":[{"id":15591,"href":"http:\/\/www.liceodeourense.com\/2.0\/index.php?rest_route=\/wp\/v2\/posts\/15579\/revisions\/15591"}],"wp:featuredmedia":[{"embeddable":true,"href":"http:\/\/www.liceodeourense.com\/2.0\/index.php?rest_route=\/wp\/v2\/media\/15582"}],"wp:attachment":[{"href":"http:\/\/www.liceodeourense.com\/2.0\/index.php?rest_route=%2Fwp%2Fv2%2Fmedia&parent=15579"}],"wp:term":[{"taxonomy":"category","embeddable":true,"href":"http:\/\/www.liceodeourense.com\/2.0\/index.php?rest_route=%2Fwp%2Fv2%2Fcategories&post=15579"},{"taxonomy":"post_tag","embeddable":true,"href":"http:\/\/www.liceodeourense.com\/2.0\/index.php?rest_route=%2Fwp%2Fv2%2Ftags&post=15579"}],"curies":[{"name":"wp","href":"https:\/\/api.w.org\/{rel}","templated":true}]}}