{"id":15487,"date":"2023-04-30T22:24:43","date_gmt":"2023-04-30T21:24:43","guid":{"rendered":"https:\/\/www.liceodeourense.com\/2.0\/?p=15487"},"modified":"2023-05-02T10:33:47","modified_gmt":"2023-05-02T09:33:47","slug":"impresionante-concierto-de-daniel-pereira-no-liceo","status":"publish","type":"post","link":"http:\/\/www.liceodeourense.com\/2.0\/?p=15487","title":{"rendered":"IMPRESIONANTE CONCIERTO DE DANIEL PEREIRA NO LICEO."},"content":{"rendered":"<h2>Bendita\u00a0 locura, bendita genialidad,\u00a0 DANIEL PEREIRA, que barbaridad de Concierto nos has ofrecido esta tarde en el Sal\u00f3n Noble del Liceo, con este programa \u00abSOLO BEETHOVEN\u00bb, conseguiste \u00abagarrar\u00bb a las butacas a todos los que acudimos al Liceo durante cas\u00ed dos horas de concierto, que barbaridad.. Se nos agotan los calificativos. Muchas gracias por estas Sonatas.\u00a0 Bautizadas como el nuevo testamento del repertorio pian\u00edstico, las 32 sonatas de Beethoven conforman uno de los pilares fundamentales de la m\u00fasica y en las que el genio alem\u00e1n nos muestra su evoluci\u00f3n como compositor a trav\u00e9s de una constante evoluci\u00f3n y experimentaci\u00f3n con las formas musicales. Este programa ofrece cuatro de las sonatas m\u00e1s famosas de la serie, compuestas alrededor de 1800 y cuyos conocidos t\u00edtulos fueron a\u00f1adidos por diferentes editores.<\/h2>\n<h2>Esta es tu casa&#8230;&#8230;.<\/h2>\n<h2><img loading=\"lazy\" decoding=\"async\" class=\"alignleft wp-image-15489 size-full\" src=\"https:\/\/www.liceodeourense.com\/2.0\/wp-content\/uploads\/DANIEL-PEREIRA-02.jpg\" alt=\"\" width=\"684\" height=\"912\" srcset=\"https:\/\/www.liceodeourense.com\/2.0\/wp-content\/uploads\/DANIEL-PEREIRA-02.jpg 684w, https:\/\/www.liceodeourense.com\/2.0\/wp-content\/uploads\/DANIEL-PEREIRA-02-225x300.jpg 225w\" sizes=\"auto, (max-width: 684px) 100vw, 684px\" \/> <img loading=\"lazy\" decoding=\"async\" class=\"alignleft wp-image-15490 size-full\" src=\"https:\/\/www.liceodeourense.com\/2.0\/wp-content\/uploads\/DANIEL-PEREIRA-03.jpg\" alt=\"\" width=\"912\" height=\"684\" srcset=\"https:\/\/www.liceodeourense.com\/2.0\/wp-content\/uploads\/DANIEL-PEREIRA-03.jpg 912w, https:\/\/www.liceodeourense.com\/2.0\/wp-content\/uploads\/DANIEL-PEREIRA-03-300x225.jpg 300w, https:\/\/www.liceodeourense.com\/2.0\/wp-content\/uploads\/DANIEL-PEREIRA-03-768x576.jpg 768w\" sizes=\"auto, (max-width: 912px) 100vw, 912px\" \/><img loading=\"lazy\" decoding=\"async\" class=\"alignleft wp-image-15387 \" src=\"https:\/\/www.liceodeourense.com\/2.0\/wp-content\/uploads\/DANIEL-PEREIRA-3-scaled.jpg\" alt=\"\" width=\"865\" height=\"1224\" srcset=\"https:\/\/www.liceodeourense.com\/2.0\/wp-content\/uploads\/DANIEL-PEREIRA-3-scaled.jpg 1809w, https:\/\/www.liceodeourense.com\/2.0\/wp-content\/uploads\/DANIEL-PEREIRA-3-212x300.jpg 212w, https:\/\/www.liceodeourense.com\/2.0\/wp-content\/uploads\/DANIEL-PEREIRA-3-724x1024.jpg 724w, https:\/\/www.liceodeourense.com\/2.0\/wp-content\/uploads\/DANIEL-PEREIRA-3-768x1087.jpg 768w, https:\/\/www.liceodeourense.com\/2.0\/wp-content\/uploads\/DANIEL-PEREIRA-3-1085x1536.jpg 1085w, https:\/\/www.liceodeourense.com\/2.0\/wp-content\/uploads\/DANIEL-PEREIRA-3-1447x2048.jpg 1447w\" sizes=\"auto, (max-width: 865px) 100vw, 865px\" \/>.<\/h2>\n<p>&nbsp;<\/p>\n","protected":false},"excerpt":{"rendered":"<p>Bendita\u00a0 locura, bendita genialidad,\u00a0 DANIEL PEREIRA, que barbaridad de Concierto nos has ofrecido esta tarde en el Sal\u00f3n Noble del Liceo, con este programa \u00abSOLO BEETHOVEN\u00bb, conseguiste \u00abagarrar\u00bb a las butacas a todos los que acudimos al Liceo durante cas\u00ed dos horas de concierto, que barbaridad.. Se nos agotan los calificativos. Muchas gracias por estas [&hellip;]<\/p>\n","protected":false},"author":2,"featured_media":15488,"comment_status":"open","ping_status":"closed","sticky":false,"template":"","format":"standard","meta":{"footnotes":""},"categories":[5],"tags":[],"class_list":["post-15487","post","type-post","status-publish","format-standard","has-post-thumbnail","hentry","category-musica"],"_links":{"self":[{"href":"http:\/\/www.liceodeourense.com\/2.0\/index.php?rest_route=\/wp\/v2\/posts\/15487","targetHints":{"allow":["GET"]}}],"collection":[{"href":"http:\/\/www.liceodeourense.com\/2.0\/index.php?rest_route=\/wp\/v2\/posts"}],"about":[{"href":"http:\/\/www.liceodeourense.com\/2.0\/index.php?rest_route=\/wp\/v2\/types\/post"}],"author":[{"embeddable":true,"href":"http:\/\/www.liceodeourense.com\/2.0\/index.php?rest_route=\/wp\/v2\/users\/2"}],"replies":[{"embeddable":true,"href":"http:\/\/www.liceodeourense.com\/2.0\/index.php?rest_route=%2Fwp%2Fv2%2Fcomments&post=15487"}],"version-history":[{"count":1,"href":"http:\/\/www.liceodeourense.com\/2.0\/index.php?rest_route=\/wp\/v2\/posts\/15487\/revisions"}],"predecessor-version":[{"id":15491,"href":"http:\/\/www.liceodeourense.com\/2.0\/index.php?rest_route=\/wp\/v2\/posts\/15487\/revisions\/15491"}],"wp:featuredmedia":[{"embeddable":true,"href":"http:\/\/www.liceodeourense.com\/2.0\/index.php?rest_route=\/wp\/v2\/media\/15488"}],"wp:attachment":[{"href":"http:\/\/www.liceodeourense.com\/2.0\/index.php?rest_route=%2Fwp%2Fv2%2Fmedia&parent=15487"}],"wp:term":[{"taxonomy":"category","embeddable":true,"href":"http:\/\/www.liceodeourense.com\/2.0\/index.php?rest_route=%2Fwp%2Fv2%2Fcategories&post=15487"},{"taxonomy":"post_tag","embeddable":true,"href":"http:\/\/www.liceodeourense.com\/2.0\/index.php?rest_route=%2Fwp%2Fv2%2Ftags&post=15487"}],"curies":[{"name":"wp","href":"https:\/\/api.w.org\/{rel}","templated":true}]}}