{"id":15448,"date":"2023-04-21T09:32:32","date_gmt":"2023-04-21T08:32:32","guid":{"rendered":"https:\/\/www.liceodeourense.com\/2.0\/?p=15448"},"modified":"2023-04-21T09:32:32","modified_gmt":"2023-04-21T08:32:32","slug":"o-liceo-epicentro-da-vida-cultural-a-social-da-cidade-de-ourense","status":"publish","type":"post","link":"http:\/\/www.liceodeourense.com\/2.0\/?p=15448","title":{"rendered":"O Liceo epicentro da vida cultural a social da Cidade de Ourense."},"content":{"rendered":"<h3>Onte foi uns deses d\u00edas que o <a class=\"x1i10hfl xjbqb8w x6umtig x1b1mbwd xaqea5y xav7gou x9f619 x1ypdohk xt0psk2 xe8uvvx xdj266r x11i5rnm xat24cr x1mh8g0r xexx8yu x4uap5 x18d9i69 xkhd6sd x16tdsg8 x1hl2dhg xggy1nq x1a2a7pz xt0b8zv x1qq9wsj xo1l8bm\" tabindex=\"0\" role=\"link\" href=\"https:\/\/www.facebook.com\/liceodeourense?__cft__[0]=AZXtlyNeAKvkizX5x9FuRm6L2HG9D1tGwcpEG8KR7-fGuLaH6DdV45GfjIN6J1y1nHlWebe5kNqN2sJKlLN0W4vKwG4gHzGh85nc-aVWVxK0jgOGFMF5DqyR5bAnoZp3jdQ&amp;__tn__=-]K-R\"><span class=\"xt0psk2\">El Liceo de Ourense<\/span><\/a> foi o epicentro da actividade social e cultural de Ourense, en menos de 4 horas pasaron polo Sal\u00f3n Noble da nosa entidade m\u00e1is de cuatrocentas persoas coa recepci\u00f3n oficial aos participantes no encontro \u00abCami\u00f1os de Santiago, cami\u00f1os culturais; unha mirada a Europa\u00bb, que organiza Asociaci\u00f3n Cultural Amigos do Cami\u00f1o Moz\u00e1rabe-V\u00eda da Plata Ourense , para despois ser o punto de arranque da Asociaci\u00f3n Ourensividad.<\/h3>\n<p><img loading=\"lazy\" decoding=\"async\" class=\"alignleft wp-image-15449 size-full\" src=\"https:\/\/www.liceodeourense.com\/2.0\/wp-content\/uploads\/336038174_920908079121853_3745631154336260778_n.jpg\" alt=\"\" width=\"2048\" height=\"1366\" srcset=\"https:\/\/www.liceodeourense.com\/2.0\/wp-content\/uploads\/336038174_920908079121853_3745631154336260778_n.jpg 2048w, https:\/\/www.liceodeourense.com\/2.0\/wp-content\/uploads\/336038174_920908079121853_3745631154336260778_n-300x200.jpg 300w, https:\/\/www.liceodeourense.com\/2.0\/wp-content\/uploads\/336038174_920908079121853_3745631154336260778_n-1024x683.jpg 1024w, https:\/\/www.liceodeourense.com\/2.0\/wp-content\/uploads\/336038174_920908079121853_3745631154336260778_n-768x512.jpg 768w, https:\/\/www.liceodeourense.com\/2.0\/wp-content\/uploads\/336038174_920908079121853_3745631154336260778_n-1536x1025.jpg 1536w\" sizes=\"auto, (max-width: 2048px) 100vw, 2048px\" \/><img loading=\"lazy\" decoding=\"async\" class=\"alignleft wp-image-15454 size-full\" src=\"https:\/\/www.liceodeourense.com\/2.0\/wp-content\/uploads\/342749676_569678105229886_4504967866706154441_n.jpg\" alt=\"\" width=\"1200\" height=\"800\" srcset=\"https:\/\/www.liceodeourense.com\/2.0\/wp-content\/uploads\/342749676_569678105229886_4504967866706154441_n.jpg 1200w, https:\/\/www.liceodeourense.com\/2.0\/wp-content\/uploads\/342749676_569678105229886_4504967866706154441_n-300x200.jpg 300w, https:\/\/www.liceodeourense.com\/2.0\/wp-content\/uploads\/342749676_569678105229886_4504967866706154441_n-1024x683.jpg 1024w, https:\/\/www.liceodeourense.com\/2.0\/wp-content\/uploads\/342749676_569678105229886_4504967866706154441_n-768x512.jpg 768w\" sizes=\"auto, (max-width: 1200px) 100vw, 1200px\" \/><\/p>\n<p>&nbsp;<\/p>\n","protected":false},"excerpt":{"rendered":"<p>Onte foi uns deses d\u00edas que o El Liceo de Ourense foi o epicentro da actividade social e cultural de Ourense, en menos de 4 horas pasaron polo Sal\u00f3n Noble da nosa entidade m\u00e1is de cuatrocentas persoas coa recepci\u00f3n oficial aos participantes no encontro \u00abCami\u00f1os de Santiago, cami\u00f1os culturais; unha mirada a Europa\u00bb, que organiza [&hellip;]<\/p>\n","protected":false},"author":2,"featured_media":15457,"comment_status":"open","ping_status":"closed","sticky":false,"template":"","format":"standard","meta":{"footnotes":""},"categories":[24,43,4],"tags":[],"class_list":["post-15448","post","type-post","status-publish","format-standard","has-post-thumbnail","hentry","category-actividade-social","category-conferencias","category-liceo"],"_links":{"self":[{"href":"http:\/\/www.liceodeourense.com\/2.0\/index.php?rest_route=\/wp\/v2\/posts\/15448","targetHints":{"allow":["GET"]}}],"collection":[{"href":"http:\/\/www.liceodeourense.com\/2.0\/index.php?rest_route=\/wp\/v2\/posts"}],"about":[{"href":"http:\/\/www.liceodeourense.com\/2.0\/index.php?rest_route=\/wp\/v2\/types\/post"}],"author":[{"embeddable":true,"href":"http:\/\/www.liceodeourense.com\/2.0\/index.php?rest_route=\/wp\/v2\/users\/2"}],"replies":[{"embeddable":true,"href":"http:\/\/www.liceodeourense.com\/2.0\/index.php?rest_route=%2Fwp%2Fv2%2Fcomments&post=15448"}],"version-history":[{"count":1,"href":"http:\/\/www.liceodeourense.com\/2.0\/index.php?rest_route=\/wp\/v2\/posts\/15448\/revisions"}],"predecessor-version":[{"id":15458,"href":"http:\/\/www.liceodeourense.com\/2.0\/index.php?rest_route=\/wp\/v2\/posts\/15448\/revisions\/15458"}],"wp:featuredmedia":[{"embeddable":true,"href":"http:\/\/www.liceodeourense.com\/2.0\/index.php?rest_route=\/wp\/v2\/media\/15457"}],"wp:attachment":[{"href":"http:\/\/www.liceodeourense.com\/2.0\/index.php?rest_route=%2Fwp%2Fv2%2Fmedia&parent=15448"}],"wp:term":[{"taxonomy":"category","embeddable":true,"href":"http:\/\/www.liceodeourense.com\/2.0\/index.php?rest_route=%2Fwp%2Fv2%2Fcategories&post=15448"},{"taxonomy":"post_tag","embeddable":true,"href":"http:\/\/www.liceodeourense.com\/2.0\/index.php?rest_route=%2Fwp%2Fv2%2Ftags&post=15448"}],"curies":[{"name":"wp","href":"https:\/\/api.w.org\/{rel}","templated":true}]}}