{"id":15413,"date":"2023-04-13T21:49:48","date_gmt":"2023-04-13T20:49:48","guid":{"rendered":"https:\/\/www.liceodeourense.com\/2.0\/?p=15413"},"modified":"2023-04-14T09:05:54","modified_gmt":"2023-04-14T08:05:54","slug":"extraordinario-concerto-de-guillermo-rodriguez","status":"publish","type":"post","link":"http:\/\/www.liceodeourense.com\/2.0\/?p=15413","title":{"rendered":"EXTRAORDINARIO CONCERTO DE GUILLERMO RODR\u00cdGUEZ."},"content":{"rendered":"<h2>Extraordinario Concerto o que nos ofreceu Guillermo Rodr\u00edguez\u00a0 hoxe no Liceo, cun programa de gran dificultade, interpretado con virtuosismo, elegancia e paix\u00f3n. Moitas gracias Guillermo polo teu traballo, polo teu talento, e\u00a0 polo teu ofrecemento a vir tocar o Liceo, agardamos que volvas pronto. Como xa dixemos un programa exixente\u00a0 con obras de Heitor Villa-lobos (1887-1959): Hommage \u00e1 Chopin, W474 (1949);\u00a0Frederic Mompou (1893-1987): Variations sur un th\u00e8me de Chopin (1957);\u00a0Fryderyk Chopin (1810-1849): Polonaise Fantaisie, Op.61 (1846);\u00a0Manuel de Falla (1876-1946): Fantas\u00eda B\u00e6tica (1919).<\/h2>\n<h2><img loading=\"lazy\" decoding=\"async\" class=\"alignleft wp-image-15414 size-full\" src=\"https:\/\/www.liceodeourense.com\/2.0\/wp-content\/uploads\/GUILLERMO-RODRIGUEZ-01.jpg\" alt=\"\" width=\"912\" height=\"684\" srcset=\"https:\/\/www.liceodeourense.com\/2.0\/wp-content\/uploads\/GUILLERMO-RODRIGUEZ-01.jpg 912w, https:\/\/www.liceodeourense.com\/2.0\/wp-content\/uploads\/GUILLERMO-RODRIGUEZ-01-300x225.jpg 300w, https:\/\/www.liceodeourense.com\/2.0\/wp-content\/uploads\/GUILLERMO-RODRIGUEZ-01-768x576.jpg 768w\" sizes=\"auto, (max-width: 912px) 100vw, 912px\" \/><\/h2>\n<h3>Guillermo Rodr\u00edguez \u00e9 un pianista nado na Coru\u00f1a e residente en Bruxelas. A s\u00faa actividade art\u00edstica levoulle a actuar en importantes escenarios tanto europeos como internacionais como o Palacio da \u00d3pera da Coru\u00f1a, Auditorio de Galicia, Foro Nacional de M\u00fasica de Breslavia, Teatro Real da Moeda de Bruxelas, Museo Karol Szymanowski \u00abAtma\u00bb, \u00abAula Nova\u00bb Poznan, Musik &#8211; und Kongresshalle L\u00fcbeck, \u00d3pera de Kiel ou Palacio Antonin, entre outros. Foi convidado a participar en festivais como \u00abMuzyka Ameryki Laczynskiej\u00bb, \u00abWszystkie Sonaty Fortepianowe Beethovena\u00bb, \u00abDuetissimo International Piano Festival\u00bb, \u201cMikstury Kultury\u201d en Polonia , \u00abCursos Manuel de Falla\u00bb Granada, \u00abSon Futuras J\u00f3venes Promesas\u00bb A Coru\u00f1a, \u00abCoimbra World Piano Meeting\u00bb en Portugal, e o \u00abTel Hai International Piano Festival\u00bb en Israel. Actuou tam\u00e9n para Radio Cl\u00e1sica de Radio Nacional de Espa\u00f1a e para a Canle Cultural do Per\u00fa.<\/h3>\n<h3 class=\"x_x_ContentPasted2\">\u2002\u2002\u2002\u2002\u2002\u2002Guillermo foi premiado en diversos concursos nacionais e internacionais como \u00abAsgaim 2006\u00bb, \u00abVI Concurso Musical Museo de Arte Contempor\u00e1nea &#8211; Uni\u00f3n Fenosa 2013\u00bb e o \u00abIV Og\u00f3lnouczelniany Konkurs GRAM Z ORKIESTR\u00bb 2016.<\/h3>\n<h3 class=\"x_x_ContentPasted2\">\u2002\u2002\u2002\u2002\u2002\u2002Colabora frecuentemente como pianista coa Orquestra Gaos, a Orquestra Sinf\u00f3nica de Galicia, Orquestra da Monnaie de Bruxelas e a Orquestra Nova da Sinf\u00f3nica de Galicia, e toca como solista con orquestras como a Orquestra Sinf\u00f3nica de Kalisz.<\/h3>\n<h3 class=\"x_x_ContentPasted2\">\u2002\u2002\u2002\u2002\u2002\u2002Nestes \u00faltimos anos Guillermo dedica gran parte da s\u00faa actividade concert\u00edstica \u00e1 m\u00fasica de c\u00e1mara, sendo actualmente membro do Tr\u00edo Khymeia coa violista polaca Barbara Papierz e o clarinetista espa\u00f1ol Jos\u00e9 Luis Garc\u00eda Balaguer, as\u00ed como do D\u00fao Borges co obo\u00edsta venezolano Jes\u00fas Colmen\u00e1rez. Ambos os grupos traballan baixo a tutela de Diethelm Jonas e Jos\u00e9 Franch Ballester respectivamente.<\/h3>\n<h3 class=\"x_x_ContentPasted2\">\u2002\u2002\u2002\u2002\u2002\u2002Guillermo estudou en Espa\u00f1a con Irina Moryatova e Ricardo Requejo, na Academia de M\u00fasica de Cracovia con Andrzej Pikul e na Musikhochschule L\u00fcbeck con Konstanze Eickhorst, obtendo sempre a m\u00e1xima cualificaci\u00f3n no recital final de carreira. Actualmente contin\u00faa a s\u00faa formaci\u00f3n xunto co pianista serbio Aleksandar Mad\u017ear.<\/h3>\n<h3 class=\"x_x_ContentPasted2\">\u2002\u2002\u2002\u2002\u2002\u2002Complementa os seus estudos asistindo a clases maxistrais con pianistas como Dmitri Alexeev, Stefan Arnold, Paul Badura-Skoda, Dmitri Bashkirov, Galina Eguiazarova, Claudio Mart\u00ednez Mehner, John O\u2019Conor, Victor Rosenbaum, Tam\u00e1s Ungar, Aquiles delle Vigne e Tatiana Zelikman, entre outros.<\/h3>\n<h3 class=\"x_x_ContentPasted2\">\u2002\u2002\u2002\u2002\u2002\u2002Foi becado pola AIE (Asociaci\u00f3n de Artistas Int\u00e9rpretes ou Executantes de Espa\u00f1a) entre 2017 e 2020.<\/h3>\n<p><img loading=\"lazy\" decoding=\"async\" class=\"alignleft wp-image-15418 \" src=\"https:\/\/www.liceodeourense.com\/2.0\/wp-content\/uploads\/GUILLERMO-RODRIGUEZ-05.jpg\" alt=\"\" width=\"524\" height=\"699\" srcset=\"https:\/\/www.liceodeourense.com\/2.0\/wp-content\/uploads\/GUILLERMO-RODRIGUEZ-05.jpg 684w, https:\/\/www.liceodeourense.com\/2.0\/wp-content\/uploads\/GUILLERMO-RODRIGUEZ-05-225x300.jpg 225w\" sizes=\"auto, (max-width: 524px) 100vw, 524px\" \/> <img loading=\"lazy\" decoding=\"async\" class=\"alignleft wp-image-15417 \" src=\"https:\/\/www.liceodeourense.com\/2.0\/wp-content\/uploads\/GUILLERMO-RODRIGUEZ-04.jpg\" alt=\"\" width=\"556\" height=\"741\" srcset=\"https:\/\/www.liceodeourense.com\/2.0\/wp-content\/uploads\/GUILLERMO-RODRIGUEZ-04.jpg 684w, https:\/\/www.liceodeourense.com\/2.0\/wp-content\/uploads\/GUILLERMO-RODRIGUEZ-04-225x300.jpg 225w\" sizes=\"auto, (max-width: 556px) 100vw, 556px\" \/><\/p>\n<p><img loading=\"lazy\" decoding=\"async\" class=\"alignleft wp-image-15416 size-full\" src=\"https:\/\/www.liceodeourense.com\/2.0\/wp-content\/uploads\/GUILLERMO-RODRIGUEZ-03.jpg\" alt=\"\" width=\"912\" height=\"684\" srcset=\"https:\/\/www.liceodeourense.com\/2.0\/wp-content\/uploads\/GUILLERMO-RODRIGUEZ-03.jpg 912w, https:\/\/www.liceodeourense.com\/2.0\/wp-content\/uploads\/GUILLERMO-RODRIGUEZ-03-300x225.jpg 300w, https:\/\/www.liceodeourense.com\/2.0\/wp-content\/uploads\/GUILLERMO-RODRIGUEZ-03-768x576.jpg 768w\" sizes=\"auto, (max-width: 912px) 100vw, 912px\" \/><\/p>\n<p><iframe loading=\"lazy\" title=\"GUILLERMO RODR\u00cdGUEZ. EXCELENCIA NO PIANO.\" width=\"640\" height=\"360\" src=\"https:\/\/www.youtube.com\/embed\/4Env_dSWvHo?feature=oembed\" frameborder=\"0\" allow=\"accelerometer; autoplay; clipboard-write; encrypted-media; gyroscope; picture-in-picture; web-share\" referrerpolicy=\"strict-origin-when-cross-origin\" allowfullscreen><\/iframe><\/p>\n<h3><\/h3>\n","protected":false},"excerpt":{"rendered":"<p>Extraordinario Concerto o que nos ofreceu Guillermo Rodr\u00edguez\u00a0 hoxe no Liceo, cun programa de gran dificultade, interpretado con virtuosismo, elegancia e paix\u00f3n. Moitas gracias Guillermo polo teu traballo, polo teu talento, e\u00a0 polo teu ofrecemento a vir tocar o Liceo, agardamos que volvas pronto. Como xa dixemos un programa exixente\u00a0 con obras de Heitor Villa-lobos [&hellip;]<\/p>\n","protected":false},"author":2,"featured_media":15414,"comment_status":"open","ping_status":"closed","sticky":false,"template":"","format":"standard","meta":{"footnotes":""},"categories":[5,21],"tags":[],"class_list":["post-15413","post","type-post","status-publish","format-standard","has-post-thumbnail","hentry","category-musica","category-musica-concertos-patio-de-columnas"],"_links":{"self":[{"href":"http:\/\/www.liceodeourense.com\/2.0\/index.php?rest_route=\/wp\/v2\/posts\/15413","targetHints":{"allow":["GET"]}}],"collection":[{"href":"http:\/\/www.liceodeourense.com\/2.0\/index.php?rest_route=\/wp\/v2\/posts"}],"about":[{"href":"http:\/\/www.liceodeourense.com\/2.0\/index.php?rest_route=\/wp\/v2\/types\/post"}],"author":[{"embeddable":true,"href":"http:\/\/www.liceodeourense.com\/2.0\/index.php?rest_route=\/wp\/v2\/users\/2"}],"replies":[{"embeddable":true,"href":"http:\/\/www.liceodeourense.com\/2.0\/index.php?rest_route=%2Fwp%2Fv2%2Fcomments&post=15413"}],"version-history":[{"count":3,"href":"http:\/\/www.liceodeourense.com\/2.0\/index.php?rest_route=\/wp\/v2\/posts\/15413\/revisions"}],"predecessor-version":[{"id":15421,"href":"http:\/\/www.liceodeourense.com\/2.0\/index.php?rest_route=\/wp\/v2\/posts\/15413\/revisions\/15421"}],"wp:featuredmedia":[{"embeddable":true,"href":"http:\/\/www.liceodeourense.com\/2.0\/index.php?rest_route=\/wp\/v2\/media\/15414"}],"wp:attachment":[{"href":"http:\/\/www.liceodeourense.com\/2.0\/index.php?rest_route=%2Fwp%2Fv2%2Fmedia&parent=15413"}],"wp:term":[{"taxonomy":"category","embeddable":true,"href":"http:\/\/www.liceodeourense.com\/2.0\/index.php?rest_route=%2Fwp%2Fv2%2Fcategories&post=15413"},{"taxonomy":"post_tag","embeddable":true,"href":"http:\/\/www.liceodeourense.com\/2.0\/index.php?rest_route=%2Fwp%2Fv2%2Ftags&post=15413"}],"curies":[{"name":"wp","href":"https:\/\/api.w.org\/{rel}","templated":true}]}}