{"id":15167,"date":"2023-02-27T20:33:36","date_gmt":"2023-02-27T19:33:36","guid":{"rendered":"https:\/\/www.liceodeourense.com\/2.0\/?p=15167"},"modified":"2023-02-28T09:47:14","modified_gmt":"2023-02-28T08:47:14","slug":"misa-por-los-socios-fallecidos-durante-el-ano-2022","status":"publish","type":"post","link":"http:\/\/www.liceodeourense.com\/2.0\/?p=15167","title":{"rendered":"MISA por los SOCIOS FALLECIDOS durante el a\u00f1o 2022."},"content":{"rendered":"<h3>En la tarde de hoy en la\u00a0 IGLESIA DE SANTA MAR\u00cdA MADRE, celebramos una MISA por los SOCIOS FALLECIDOS durante el a\u00f1o 2022, un acto que nos permite recordar a los Socios que nos dejaron en el pasado a\u00f1o, y dar nuestro \u00e1nimo y amistad a sus familias. La celebraci\u00f3n presidida por D. Carlos, estuvo acompa\u00f1ada por nuestra Coral del Liceo.<\/h3>\n<h3>Estos son los Socios fallecidos en el pasado a\u00f1o 2022<\/h3>\n<h3>BORRAJO QUINTANA, JORGE A.<br \/>\nFERNANDEZ SACO, ODILO<br \/>\nGILPEREZ BOX, M\u00aa DEL PILAR<br \/>\nGONZALEZ ALVAREZ, JOSE MARIA<br \/>\nLOPEZ GUTIERREZ, MARIA ANGELES<br \/>\nMANDADO ROMAN, JOSE ANTONIO<br \/>\nMENOR QUINTAIROS, CARLOS<br \/>\nMORETON BRASA, ANTONIO<br \/>\nNIETO OLANO, EMILIO<br \/>\nPI\u00d1EIRO LOPEZ, DANIEL JULIO<br \/>\nRAMOS SEOANE, MANUEL<\/h3>\n<p><img loading=\"lazy\" decoding=\"async\" class=\"alignleft wp-image-15169 size-full\" src=\"https:\/\/www.liceodeourense.com\/2.0\/wp-content\/uploads\/MISA-SOCIOS-FALLECIDOS-02-1.jpg\" alt=\"\" width=\"912\" height=\"684\" srcset=\"https:\/\/www.liceodeourense.com\/2.0\/wp-content\/uploads\/MISA-SOCIOS-FALLECIDOS-02-1.jpg 912w, https:\/\/www.liceodeourense.com\/2.0\/wp-content\/uploads\/MISA-SOCIOS-FALLECIDOS-02-1-300x225.jpg 300w, https:\/\/www.liceodeourense.com\/2.0\/wp-content\/uploads\/MISA-SOCIOS-FALLECIDOS-02-1-768x576.jpg 768w\" sizes=\"auto, (max-width: 912px) 100vw, 912px\" \/><\/p>\n","protected":false},"excerpt":{"rendered":"<p>En la tarde de hoy en la\u00a0 IGLESIA DE SANTA MAR\u00cdA MADRE, celebramos una MISA por los SOCIOS FALLECIDOS durante el a\u00f1o 2022, un acto que nos permite recordar a los Socios que nos dejaron en el pasado a\u00f1o, y dar nuestro \u00e1nimo y amistad a sus familias. La celebraci\u00f3n presidida por D. Carlos, estuvo [&hellip;]<\/p>\n","protected":false},"author":2,"featured_media":15168,"comment_status":"open","ping_status":"closed","sticky":false,"template":"","format":"standard","meta":{"footnotes":""},"categories":[24],"tags":[],"class_list":["post-15167","post","type-post","status-publish","format-standard","has-post-thumbnail","hentry","category-actividade-social"],"_links":{"self":[{"href":"http:\/\/www.liceodeourense.com\/2.0\/index.php?rest_route=\/wp\/v2\/posts\/15167","targetHints":{"allow":["GET"]}}],"collection":[{"href":"http:\/\/www.liceodeourense.com\/2.0\/index.php?rest_route=\/wp\/v2\/posts"}],"about":[{"href":"http:\/\/www.liceodeourense.com\/2.0\/index.php?rest_route=\/wp\/v2\/types\/post"}],"author":[{"embeddable":true,"href":"http:\/\/www.liceodeourense.com\/2.0\/index.php?rest_route=\/wp\/v2\/users\/2"}],"replies":[{"embeddable":true,"href":"http:\/\/www.liceodeourense.com\/2.0\/index.php?rest_route=%2Fwp%2Fv2%2Fcomments&post=15167"}],"version-history":[{"count":1,"href":"http:\/\/www.liceodeourense.com\/2.0\/index.php?rest_route=\/wp\/v2\/posts\/15167\/revisions"}],"predecessor-version":[{"id":15171,"href":"http:\/\/www.liceodeourense.com\/2.0\/index.php?rest_route=\/wp\/v2\/posts\/15167\/revisions\/15171"}],"wp:featuredmedia":[{"embeddable":true,"href":"http:\/\/www.liceodeourense.com\/2.0\/index.php?rest_route=\/wp\/v2\/media\/15168"}],"wp:attachment":[{"href":"http:\/\/www.liceodeourense.com\/2.0\/index.php?rest_route=%2Fwp%2Fv2%2Fmedia&parent=15167"}],"wp:term":[{"taxonomy":"category","embeddable":true,"href":"http:\/\/www.liceodeourense.com\/2.0\/index.php?rest_route=%2Fwp%2Fv2%2Fcategories&post=15167"},{"taxonomy":"post_tag","embeddable":true,"href":"http:\/\/www.liceodeourense.com\/2.0\/index.php?rest_route=%2Fwp%2Fv2%2Ftags&post=15167"}],"curies":[{"name":"wp","href":"https:\/\/api.w.org\/{rel}","templated":true}]}}