{"id":15153,"date":"2023-02-25T23:27:07","date_gmt":"2023-02-25T22:27:07","guid":{"rendered":"https:\/\/www.liceodeourense.com\/2.0\/?p=15153"},"modified":"2023-02-27T10:37:37","modified_gmt":"2023-02-27T09:37:37","slug":"precioso-concerto-de-manoele-de-felisa-no-liceo","status":"publish","type":"post","link":"http:\/\/www.liceodeourense.com\/2.0\/?p=15153","title":{"rendered":"PRECIOSO CONCERTO DE MANOELE DE FELISA NO LICEO."},"content":{"rendered":"<h2>Precioso Concerto o que nos ofreceu nesta tarde o cantautor MANOELE DE FELISA no Liceo, \u00edntimo, cercano, con moita paix\u00f3n, percorreu os nosos poetas en forma de canci\u00f3ns, as nosas cantigas, un extraordinario concierto, un luxo para os Sal\u00f3n Noble do Liceo, que acolleu un bo n\u00famero de amigos que quixeron estar a car\u00f3n de MANOELE DE FELISA. Gracias a todos.<\/h2>\n<p><img loading=\"lazy\" decoding=\"async\" class=\"alignleft wp-image-15154 \" src=\"https:\/\/www.liceodeourense.com\/2.0\/wp-content\/uploads\/MANOELE-DE-FELISA-05.jpg\" alt=\"\" width=\"917\" height=\"1985\" \/> <img loading=\"lazy\" decoding=\"async\" class=\"alignleft wp-image-15155 \" src=\"https:\/\/www.liceodeourense.com\/2.0\/wp-content\/uploads\/MANOELE-DE-FELISA-06.jpg\" alt=\"\" width=\"908\" height=\"1984\" \/> <img loading=\"lazy\" decoding=\"async\" class=\"alignleft wp-image-15156 size-full\" src=\"https:\/\/www.liceodeourense.com\/2.0\/wp-content\/uploads\/MANOELE-DE-FELISA-07.jpg\" alt=\"\" width=\"912\" height=\"684\" srcset=\"https:\/\/www.liceodeourense.com\/2.0\/wp-content\/uploads\/MANOELE-DE-FELISA-07.jpg 912w, https:\/\/www.liceodeourense.com\/2.0\/wp-content\/uploads\/MANOELE-DE-FELISA-07-300x225.jpg 300w, https:\/\/www.liceodeourense.com\/2.0\/wp-content\/uploads\/MANOELE-DE-FELISA-07-768x576.jpg 768w\" sizes=\"auto, (max-width: 912px) 100vw, 912px\" \/> <img loading=\"lazy\" decoding=\"async\" class=\"alignleft wp-image-15157 size-full\" src=\"https:\/\/www.liceodeourense.com\/2.0\/wp-content\/uploads\/MANOELE-DE-FELISA-08.jpg\" alt=\"\" width=\"912\" height=\"684\" srcset=\"https:\/\/www.liceodeourense.com\/2.0\/wp-content\/uploads\/MANOELE-DE-FELISA-08.jpg 912w, https:\/\/www.liceodeourense.com\/2.0\/wp-content\/uploads\/MANOELE-DE-FELISA-08-300x225.jpg 300w, https:\/\/www.liceodeourense.com\/2.0\/wp-content\/uploads\/MANOELE-DE-FELISA-08-768x576.jpg 768w\" sizes=\"auto, (max-width: 912px) 100vw, 912px\" \/> <img loading=\"lazy\" decoding=\"async\" class=\"alignleft wp-image-15158 size-full\" src=\"https:\/\/www.liceodeourense.com\/2.0\/wp-content\/uploads\/MANOELE-DE-FELISA-09.jpg\" alt=\"\" width=\"912\" height=\"684\" srcset=\"https:\/\/www.liceodeourense.com\/2.0\/wp-content\/uploads\/MANOELE-DE-FELISA-09.jpg 912w, https:\/\/www.liceodeourense.com\/2.0\/wp-content\/uploads\/MANOELE-DE-FELISA-09-300x225.jpg 300w, https:\/\/www.liceodeourense.com\/2.0\/wp-content\/uploads\/MANOELE-DE-FELISA-09-768x576.jpg 768w\" sizes=\"auto, (max-width: 912px) 100vw, 912px\" \/> <img loading=\"lazy\" decoding=\"async\" class=\"alignleft wp-image-15159 size-full\" src=\"https:\/\/www.liceodeourense.com\/2.0\/wp-content\/uploads\/MANOELE-DE-FELISA-10.jpg\" alt=\"\" width=\"730\" height=\"547\" srcset=\"https:\/\/www.liceodeourense.com\/2.0\/wp-content\/uploads\/MANOELE-DE-FELISA-10.jpg 730w, https:\/\/www.liceodeourense.com\/2.0\/wp-content\/uploads\/MANOELE-DE-FELISA-10-300x225.jpg 300w\" sizes=\"auto, (max-width: 730px) 100vw, 730px\" \/><img loading=\"lazy\" decoding=\"async\" class=\"alignleft wp-image-15061 size-large\" src=\"https:\/\/www.liceodeourense.com\/2.0\/wp-content\/uploads\/IMG-20230215-WA0001-724x1024.jpg\" alt=\"\" width=\"640\" height=\"905\" srcset=\"https:\/\/www.liceodeourense.com\/2.0\/wp-content\/uploads\/IMG-20230215-WA0001-724x1024.jpg 724w, https:\/\/www.liceodeourense.com\/2.0\/wp-content\/uploads\/IMG-20230215-WA0001-212x300.jpg 212w, https:\/\/www.liceodeourense.com\/2.0\/wp-content\/uploads\/IMG-20230215-WA0001-768x1086.jpg 768w, https:\/\/www.liceodeourense.com\/2.0\/wp-content\/uploads\/IMG-20230215-WA0001-1086x1536.jpg 1086w, https:\/\/www.liceodeourense.com\/2.0\/wp-content\/uploads\/IMG-20230215-WA0001.jpg 1131w\" sizes=\"auto, (max-width: 640px) 100vw, 640px\" \/><\/p>\n","protected":false},"excerpt":{"rendered":"<p>Precioso Concerto o que nos ofreceu nesta tarde o cantautor MANOELE DE FELISA no Liceo, \u00edntimo, cercano, con moita paix\u00f3n, percorreu os nosos poetas en forma de canci\u00f3ns, as nosas cantigas, un extraordinario concierto, un luxo para os Sal\u00f3n Noble do Liceo, que acolleu un bo n\u00famero de amigos que quixeron estar a car\u00f3n de [&hellip;]<\/p>\n","protected":false},"author":2,"featured_media":15156,"comment_status":"open","ping_status":"closed","sticky":false,"template":"","format":"standard","meta":{"footnotes":""},"categories":[5,21],"tags":[],"class_list":["post-15153","post","type-post","status-publish","format-standard","has-post-thumbnail","hentry","category-musica","category-musica-concertos-patio-de-columnas"],"_links":{"self":[{"href":"http:\/\/www.liceodeourense.com\/2.0\/index.php?rest_route=\/wp\/v2\/posts\/15153","targetHints":{"allow":["GET"]}}],"collection":[{"href":"http:\/\/www.liceodeourense.com\/2.0\/index.php?rest_route=\/wp\/v2\/posts"}],"about":[{"href":"http:\/\/www.liceodeourense.com\/2.0\/index.php?rest_route=\/wp\/v2\/types\/post"}],"author":[{"embeddable":true,"href":"http:\/\/www.liceodeourense.com\/2.0\/index.php?rest_route=\/wp\/v2\/users\/2"}],"replies":[{"embeddable":true,"href":"http:\/\/www.liceodeourense.com\/2.0\/index.php?rest_route=%2Fwp%2Fv2%2Fcomments&post=15153"}],"version-history":[{"count":1,"href":"http:\/\/www.liceodeourense.com\/2.0\/index.php?rest_route=\/wp\/v2\/posts\/15153\/revisions"}],"predecessor-version":[{"id":15160,"href":"http:\/\/www.liceodeourense.com\/2.0\/index.php?rest_route=\/wp\/v2\/posts\/15153\/revisions\/15160"}],"wp:featuredmedia":[{"embeddable":true,"href":"http:\/\/www.liceodeourense.com\/2.0\/index.php?rest_route=\/wp\/v2\/media\/15156"}],"wp:attachment":[{"href":"http:\/\/www.liceodeourense.com\/2.0\/index.php?rest_route=%2Fwp%2Fv2%2Fmedia&parent=15153"}],"wp:term":[{"taxonomy":"category","embeddable":true,"href":"http:\/\/www.liceodeourense.com\/2.0\/index.php?rest_route=%2Fwp%2Fv2%2Fcategories&post=15153"},{"taxonomy":"post_tag","embeddable":true,"href":"http:\/\/www.liceodeourense.com\/2.0\/index.php?rest_route=%2Fwp%2Fv2%2Ftags&post=15153"}],"curies":[{"name":"wp","href":"https:\/\/api.w.org\/{rel}","templated":true}]}}