{"id":14472,"date":"2022-06-29T18:29:24","date_gmt":"2022-06-29T17:29:24","guid":{"rendered":"https:\/\/www.liceodeourense.com\/2.0\/?p=14472"},"modified":"2022-06-29T18:29:24","modified_gmt":"2022-06-29T17:29:24","slug":"presentacion-trabajo-numero-11-foro-liceo-presente-y-futuro-debilidades-y-fortalezas-de-nuestro-campus","status":"publish","type":"post","link":"http:\/\/www.liceodeourense.com\/2.0\/?p=14472","title":{"rendered":"PRESENTACI\u00d3N TRABAJO NUMERO 11 \u201cFORO LICEO\u201d PRESENTE Y FUTURO, DEBILIDADES Y FORTALEZAS DE NUESTRO CAMPUS"},"content":{"rendered":"<h3><img loading=\"lazy\" decoding=\"async\" class=\"alignleft wp-image-14462 size-full\" src=\"https:\/\/www.liceodeourense.com\/2.0\/wp-content\/uploads\/FORO-TRABAJO-UNIVERSIDAD-00.jpg\" alt=\"\" width=\"1279\" height=\"320\" srcset=\"https:\/\/www.liceodeourense.com\/2.0\/wp-content\/uploads\/FORO-TRABAJO-UNIVERSIDAD-00.jpg 1279w, https:\/\/www.liceodeourense.com\/2.0\/wp-content\/uploads\/FORO-TRABAJO-UNIVERSIDAD-00-300x75.jpg 300w, https:\/\/www.liceodeourense.com\/2.0\/wp-content\/uploads\/FORO-TRABAJO-UNIVERSIDAD-00-1024x256.jpg 1024w, https:\/\/www.liceodeourense.com\/2.0\/wp-content\/uploads\/FORO-TRABAJO-UNIVERSIDAD-00-768x192.jpg 768w\" sizes=\"auto, (max-width: 1279px) 100vw, 1279px\" \/><\/h3>\n<h3><strong>PRESENTACI\u00d3N TRABAJO NUMERO 11 \u201cFORO LICEO\u201d<\/strong><\/h3>\n<h3><strong>PRESENTE Y FUTURO, DEBILIDADES Y FORTALEZAS DE NUESTRO CAMPUS<\/strong><\/h3>\n<p><strong><span lang=\"es-ES\">E<\/span><span lang=\"es-ES\">l Foro Liceo contin\u00faa con sus reuniones de trabajo, para dar continuidad y trasladado a la opini\u00f3n p\u00fablica, de documentos de vital importancia para la Ciudad y Provincia, en esta ocasi\u00f3n, y despu\u00e9s de la constituci\u00f3n de un nuevo grupo de trabajo, en el que participaron miembros de las entidades que componen el Foro Liceo, as\u00ed como profesionales y docentes del Campus de Ourense-Universidad de Vigo.\u00a0 L<\/span><span lang=\"es-ES\">a\u00a0<\/span><span lang=\"es-ES\">PRESENTACI\u00d3N\u00a0<\/span><span lang=\"es-ES\">DE LAS CONCLUSIONES A LAS QUE HA LLEGADO ESTE GRUPO DE TRABAJO sobre \u201c<\/span><span lang=\"es-ES\">PRESENTE Y FUTURO, DEBILIDADES Y FORTALEZAS DE NUESTRO CAMPUS<\/span><span lang=\"es-ES\">\u201d, cont\u00f3 con la participaci\u00f3n de algunos de los redactores de este trabajo\u00a0 y\u00a0 la Vicerectora del Campus, Elena Rivo L\u00f3pez.<\/span><\/strong><\/p>\n<h3 align=\"JUSTIFY\">DOCUMENTO COMPLETO PICHAR PARA DESCARGAR<\/h3>\n<h3 align=\"JUSTIFY\"><a href=\"https:\/\/www.liceodeourense.com\/2.0\/wp-content\/uploads\/DOCUMENTO-AA-CAMPUS-DE-OURENSE-FORO-LICEO.pdf\" target=\"_blank\" rel=\"noopener\">DOCUMENTO AA CAMPUS DE OURENSE \u2013 FORO LICEO<\/a><\/h3>\n","protected":false},"excerpt":{"rendered":"<p>PRESENTACI\u00d3N TRABAJO NUMERO 11 \u201cFORO LICEO\u201d PRESENTE Y FUTURO, DEBILIDADES Y FORTALEZAS DE NUESTRO CAMPUS El Foro Liceo contin\u00faa con sus reuniones de trabajo, para dar continuidad y trasladado a la opini\u00f3n p\u00fablica, de documentos de vital importancia para la Ciudad y Provincia, en esta ocasi\u00f3n, y despu\u00e9s de la constituci\u00f3n de un nuevo grupo [&hellip;]<\/p>\n","protected":false},"author":2,"featured_media":14463,"comment_status":"open","ping_status":"closed","sticky":false,"template":"","format":"standard","meta":{"footnotes":""},"categories":[38],"tags":[],"class_list":["post-14472","post","type-post","status-publish","format-standard","has-post-thumbnail","hentry","category-foro-liceo"],"_links":{"self":[{"href":"http:\/\/www.liceodeourense.com\/2.0\/index.php?rest_route=\/wp\/v2\/posts\/14472","targetHints":{"allow":["GET"]}}],"collection":[{"href":"http:\/\/www.liceodeourense.com\/2.0\/index.php?rest_route=\/wp\/v2\/posts"}],"about":[{"href":"http:\/\/www.liceodeourense.com\/2.0\/index.php?rest_route=\/wp\/v2\/types\/post"}],"author":[{"embeddable":true,"href":"http:\/\/www.liceodeourense.com\/2.0\/index.php?rest_route=\/wp\/v2\/users\/2"}],"replies":[{"embeddable":true,"href":"http:\/\/www.liceodeourense.com\/2.0\/index.php?rest_route=%2Fwp%2Fv2%2Fcomments&post=14472"}],"version-history":[{"count":1,"href":"http:\/\/www.liceodeourense.com\/2.0\/index.php?rest_route=\/wp\/v2\/posts\/14472\/revisions"}],"predecessor-version":[{"id":14473,"href":"http:\/\/www.liceodeourense.com\/2.0\/index.php?rest_route=\/wp\/v2\/posts\/14472\/revisions\/14473"}],"wp:featuredmedia":[{"embeddable":true,"href":"http:\/\/www.liceodeourense.com\/2.0\/index.php?rest_route=\/wp\/v2\/media\/14463"}],"wp:attachment":[{"href":"http:\/\/www.liceodeourense.com\/2.0\/index.php?rest_route=%2Fwp%2Fv2%2Fmedia&parent=14472"}],"wp:term":[{"taxonomy":"category","embeddable":true,"href":"http:\/\/www.liceodeourense.com\/2.0\/index.php?rest_route=%2Fwp%2Fv2%2Fcategories&post=14472"},{"taxonomy":"post_tag","embeddable":true,"href":"http:\/\/www.liceodeourense.com\/2.0\/index.php?rest_route=%2Fwp%2Fv2%2Ftags&post=14472"}],"curies":[{"name":"wp","href":"https:\/\/api.w.org\/{rel}","templated":true}]}}