{"id":14440,"date":"2022-06-18T14:46:41","date_gmt":"2022-06-18T13:46:41","guid":{"rendered":"https:\/\/www.liceodeourense.com\/2.0\/?p=14440"},"modified":"2022-06-22T08:52:19","modified_gmt":"2022-06-22T07:52:19","slug":"concierto-de-jeff-espinoza","status":"publish","type":"post","link":"http:\/\/www.liceodeourense.com\/2.0\/?p=14440","title":{"rendered":"CONCIERTO DE JEFF ESPINOZA."},"content":{"rendered":"<h3>Brillante, como en el es costumbre, Jeff Espinoza hoy en El Liceo, en un horario nada habitual, nos hizo disfrutar a todos de su voz rota americana, con sus canciones de blues m\u00e1s tradicional, aunque en esta ocasi\u00f3n nos deslumbro con una sorpresa haciendo una versi\u00f3n muy especial de nuestra \u00abA saia da Carolina\u00bb. Muchas gracias todos por acompa\u00f1arnos.<\/h3>\n<p><img loading=\"lazy\" decoding=\"async\" class=\"alignleft wp-image-14442 size-full\" src=\"https:\/\/www.liceodeourense.com\/2.0\/wp-content\/uploads\/JEFF-ESPINOZA-02.jpg\" alt=\"\" width=\"547\" height=\"730\" srcset=\"https:\/\/www.liceodeourense.com\/2.0\/wp-content\/uploads\/JEFF-ESPINOZA-02.jpg 547w, https:\/\/www.liceodeourense.com\/2.0\/wp-content\/uploads\/JEFF-ESPINOZA-02-225x300.jpg 225w\" sizes=\"auto, (max-width: 547px) 100vw, 547px\" \/><img loading=\"lazy\" decoding=\"async\" class=\"alignleft wp-image-14290 size-full\" src=\"https:\/\/www.liceodeourense.com\/2.0\/wp-content\/uploads\/JEFF-ESPINOZA.jpg\" alt=\"\" width=\"1285\" height=\"1816\" srcset=\"https:\/\/www.liceodeourense.com\/2.0\/wp-content\/uploads\/JEFF-ESPINOZA.jpg 1285w, https:\/\/www.liceodeourense.com\/2.0\/wp-content\/uploads\/JEFF-ESPINOZA-212x300.jpg 212w, https:\/\/www.liceodeourense.com\/2.0\/wp-content\/uploads\/JEFF-ESPINOZA-725x1024.jpg 725w, https:\/\/www.liceodeourense.com\/2.0\/wp-content\/uploads\/JEFF-ESPINOZA-768x1085.jpg 768w, https:\/\/www.liceodeourense.com\/2.0\/wp-content\/uploads\/JEFF-ESPINOZA-1087x1536.jpg 1087w\" sizes=\"auto, (max-width: 1285px) 100vw, 1285px\" \/><\/p>\n","protected":false},"excerpt":{"rendered":"<p>Brillante, como en el es costumbre, Jeff Espinoza hoy en El Liceo, en un horario nada habitual, nos hizo disfrutar a todos de su voz rota americana, con sus canciones de blues m\u00e1s tradicional, aunque en esta ocasi\u00f3n nos deslumbro con una sorpresa haciendo una versi\u00f3n muy especial de nuestra \u00abA saia da Carolina\u00bb. Muchas [&hellip;]<\/p>\n","protected":false},"author":2,"featured_media":14441,"comment_status":"open","ping_status":"closed","sticky":false,"template":"","format":"standard","meta":{"footnotes":""},"categories":[5,21],"tags":[],"class_list":["post-14440","post","type-post","status-publish","format-standard","has-post-thumbnail","hentry","category-musica","category-musica-concertos-patio-de-columnas"],"_links":{"self":[{"href":"http:\/\/www.liceodeourense.com\/2.0\/index.php?rest_route=\/wp\/v2\/posts\/14440","targetHints":{"allow":["GET"]}}],"collection":[{"href":"http:\/\/www.liceodeourense.com\/2.0\/index.php?rest_route=\/wp\/v2\/posts"}],"about":[{"href":"http:\/\/www.liceodeourense.com\/2.0\/index.php?rest_route=\/wp\/v2\/types\/post"}],"author":[{"embeddable":true,"href":"http:\/\/www.liceodeourense.com\/2.0\/index.php?rest_route=\/wp\/v2\/users\/2"}],"replies":[{"embeddable":true,"href":"http:\/\/www.liceodeourense.com\/2.0\/index.php?rest_route=%2Fwp%2Fv2%2Fcomments&post=14440"}],"version-history":[{"count":1,"href":"http:\/\/www.liceodeourense.com\/2.0\/index.php?rest_route=\/wp\/v2\/posts\/14440\/revisions"}],"predecessor-version":[{"id":14443,"href":"http:\/\/www.liceodeourense.com\/2.0\/index.php?rest_route=\/wp\/v2\/posts\/14440\/revisions\/14443"}],"wp:featuredmedia":[{"embeddable":true,"href":"http:\/\/www.liceodeourense.com\/2.0\/index.php?rest_route=\/wp\/v2\/media\/14441"}],"wp:attachment":[{"href":"http:\/\/www.liceodeourense.com\/2.0\/index.php?rest_route=%2Fwp%2Fv2%2Fmedia&parent=14440"}],"wp:term":[{"taxonomy":"category","embeddable":true,"href":"http:\/\/www.liceodeourense.com\/2.0\/index.php?rest_route=%2Fwp%2Fv2%2Fcategories&post=14440"},{"taxonomy":"post_tag","embeddable":true,"href":"http:\/\/www.liceodeourense.com\/2.0\/index.php?rest_route=%2Fwp%2Fv2%2Ftags&post=14440"}],"curies":[{"name":"wp","href":"https:\/\/api.w.org\/{rel}","templated":true}]}}