{"id":14399,"date":"2022-06-16T22:10:13","date_gmt":"2022-06-16T21:10:13","guid":{"rendered":"https:\/\/www.liceodeourense.com\/2.0\/?p=14399"},"modified":"2022-06-17T09:41:25","modified_gmt":"2022-06-17T08:41:25","slug":"conciertorecital-pablo-guerrero-un-lujo-para-el-liceo","status":"publish","type":"post","link":"http:\/\/www.liceodeourense.com\/2.0\/?p=14399","title":{"rendered":"ConCiertoRecital PABLO GUERRERO. Un lujo para El Liceo."},"content":{"rendered":"<h2 align=\"JUSTIFY\"><\/h2>\n<h2 align=\"JUSTIFY\"><strong><span style=\"font-family: Gadugi, sans-serif;\"><span style=\"font-size: large;\"><span style=\"color: #000000;\">Precioso acto el que disfrutamos hoy en El Liceo, en este Concierto-Recital del Cantautor Pablo Guerrero, un acto que quisimos convertir en un peque\u00f1o, pero sentido homenaje, desde el coraz\u00f3n y con todo nuestra admiraci\u00f3n y cari\u00f1o. Participaron con sus canciones y su recitado acompa\u00f1ando a nuestro autor Montse Villar;\u00a0 Jos\u00e9 Luis Troiti\u00f1a;\u00a0 Jorge Rodr\u00edguez; La Dama de Gris y Emilio R\u00faa.\u00a0<\/span><\/span><\/span><\/strong><\/h2>\n<h2 align=\"JUSTIFY\"><strong><span style=\"font-family: Gadugi, sans-serif;\"><span style=\"font-size: large;\"> Gracias a todos los que nos acompa\u00f1ast\u00e9is\u00a0 y decirle a Pablo Guerrero ya forma parte de la familia del Liceo, gracias por estar con nosotros, gracias por existir, gracias por tu poes\u00eda y tu m\u00fasica.<\/span><\/span><\/strong><\/h2>\n<p><img loading=\"lazy\" decoding=\"async\" class=\"alignleft wp-image-14401 size-full\" src=\"https:\/\/www.liceodeourense.com\/2.0\/wp-content\/uploads\/PABLO-GUERRERO-01.jpg\" alt=\"\" width=\"911\" height=\"607\" srcset=\"https:\/\/www.liceodeourense.com\/2.0\/wp-content\/uploads\/PABLO-GUERRERO-01.jpg 911w, https:\/\/www.liceodeourense.com\/2.0\/wp-content\/uploads\/PABLO-GUERRERO-01-300x200.jpg 300w, https:\/\/www.liceodeourense.com\/2.0\/wp-content\/uploads\/PABLO-GUERRERO-01-768x512.jpg 768w\" sizes=\"auto, (max-width: 911px) 100vw, 911px\" \/> <img loading=\"lazy\" decoding=\"async\" class=\"alignleft wp-image-14402 size-full\" src=\"https:\/\/www.liceodeourense.com\/2.0\/wp-content\/uploads\/PABLO-GUERRERO-04.jpg\" alt=\"\" width=\"958\" height=\"639\" srcset=\"https:\/\/www.liceodeourense.com\/2.0\/wp-content\/uploads\/PABLO-GUERRERO-04.jpg 958w, https:\/\/www.liceodeourense.com\/2.0\/wp-content\/uploads\/PABLO-GUERRERO-04-300x200.jpg 300w, https:\/\/www.liceodeourense.com\/2.0\/wp-content\/uploads\/PABLO-GUERRERO-04-768x512.jpg 768w\" sizes=\"auto, (max-width: 958px) 100vw, 958px\" \/> <img loading=\"lazy\" decoding=\"async\" class=\"alignleft wp-image-14403 size-full\" src=\"https:\/\/www.liceodeourense.com\/2.0\/wp-content\/uploads\/PABLO-GUERRERO-05.jpg\" alt=\"\" width=\"1064\" height=\"709\" srcset=\"https:\/\/www.liceodeourense.com\/2.0\/wp-content\/uploads\/PABLO-GUERRERO-05.jpg 1064w, https:\/\/www.liceodeourense.com\/2.0\/wp-content\/uploads\/PABLO-GUERRERO-05-300x200.jpg 300w, https:\/\/www.liceodeourense.com\/2.0\/wp-content\/uploads\/PABLO-GUERRERO-05-1024x682.jpg 1024w, https:\/\/www.liceodeourense.com\/2.0\/wp-content\/uploads\/PABLO-GUERRERO-05-768x512.jpg 768w\" sizes=\"auto, (max-width: 1064px) 100vw, 1064px\" \/> <img loading=\"lazy\" decoding=\"async\" class=\"alignleft wp-image-14404 size-full\" src=\"https:\/\/www.liceodeourense.com\/2.0\/wp-content\/uploads\/PABLO-GUERRERO-06.jpg\" alt=\"\" width=\"1130\" height=\"753\" srcset=\"https:\/\/www.liceodeourense.com\/2.0\/wp-content\/uploads\/PABLO-GUERRERO-06.jpg 1130w, https:\/\/www.liceodeourense.com\/2.0\/wp-content\/uploads\/PABLO-GUERRERO-06-300x200.jpg 300w, https:\/\/www.liceodeourense.com\/2.0\/wp-content\/uploads\/PABLO-GUERRERO-06-1024x682.jpg 1024w, https:\/\/www.liceodeourense.com\/2.0\/wp-content\/uploads\/PABLO-GUERRERO-06-768x512.jpg 768w\" sizes=\"auto, (max-width: 1130px) 100vw, 1130px\" \/> <img loading=\"lazy\" decoding=\"async\" class=\"wp-image-14405 size-full alignleft\" src=\"https:\/\/www.liceodeourense.com\/2.0\/wp-content\/uploads\/PABLO-GUERRERO-10.jpg\" alt=\"\" width=\"651\" height=\"977\" srcset=\"https:\/\/www.liceodeourense.com\/2.0\/wp-content\/uploads\/PABLO-GUERRERO-10.jpg 651w, https:\/\/www.liceodeourense.com\/2.0\/wp-content\/uploads\/PABLO-GUERRERO-10-200x300.jpg 200w\" sizes=\"auto, (max-width: 651px) 100vw, 651px\" \/><img loading=\"lazy\" decoding=\"async\" class=\"alignleft wp-image-14320 size-full\" src=\"https:\/\/www.liceodeourense.com\/2.0\/wp-content\/uploads\/PABLO-GUERRERO-2.jpg\" alt=\"\" width=\"1283\" height=\"1814\" srcset=\"https:\/\/www.liceodeourense.com\/2.0\/wp-content\/uploads\/PABLO-GUERRERO-2.jpg 1283w, https:\/\/www.liceodeourense.com\/2.0\/wp-content\/uploads\/PABLO-GUERRERO-2-212x300.jpg 212w, https:\/\/www.liceodeourense.com\/2.0\/wp-content\/uploads\/PABLO-GUERRERO-2-724x1024.jpg 724w, https:\/\/www.liceodeourense.com\/2.0\/wp-content\/uploads\/PABLO-GUERRERO-2-768x1086.jpg 768w, https:\/\/www.liceodeourense.com\/2.0\/wp-content\/uploads\/PABLO-GUERRERO-2-1086x1536.jpg 1086w\" sizes=\"auto, (max-width: 1283px) 100vw, 1283px\" \/><\/p>\n<h2 align=\"JUSTIFY\"><\/h2>\n","protected":false},"excerpt":{"rendered":"<p>Precioso acto el que disfrutamos hoy en El Liceo, en este Concierto-Recital del Cantautor Pablo Guerrero, un acto que quisimos convertir en un peque\u00f1o, pero sentido homenaje, desde el coraz\u00f3n y con todo nuestra admiraci\u00f3n y cari\u00f1o. Participaron con sus canciones y su recitado acompa\u00f1ando a nuestro autor Montse Villar;\u00a0 Jos\u00e9 Luis Troiti\u00f1a;\u00a0 Jorge Rodr\u00edguez; [&hellip;]<\/p>\n","protected":false},"author":2,"featured_media":14408,"comment_status":"open","ping_status":"closed","sticky":false,"template":"","format":"standard","meta":{"footnotes":""},"categories":[5,21],"tags":[],"class_list":["post-14399","post","type-post","status-publish","format-standard","has-post-thumbnail","hentry","category-musica","category-musica-concertos-patio-de-columnas"],"_links":{"self":[{"href":"http:\/\/www.liceodeourense.com\/2.0\/index.php?rest_route=\/wp\/v2\/posts\/14399","targetHints":{"allow":["GET"]}}],"collection":[{"href":"http:\/\/www.liceodeourense.com\/2.0\/index.php?rest_route=\/wp\/v2\/posts"}],"about":[{"href":"http:\/\/www.liceodeourense.com\/2.0\/index.php?rest_route=\/wp\/v2\/types\/post"}],"author":[{"embeddable":true,"href":"http:\/\/www.liceodeourense.com\/2.0\/index.php?rest_route=\/wp\/v2\/users\/2"}],"replies":[{"embeddable":true,"href":"http:\/\/www.liceodeourense.com\/2.0\/index.php?rest_route=%2Fwp%2Fv2%2Fcomments&post=14399"}],"version-history":[{"count":3,"href":"http:\/\/www.liceodeourense.com\/2.0\/index.php?rest_route=\/wp\/v2\/posts\/14399\/revisions"}],"predecessor-version":[{"id":14409,"href":"http:\/\/www.liceodeourense.com\/2.0\/index.php?rest_route=\/wp\/v2\/posts\/14399\/revisions\/14409"}],"wp:featuredmedia":[{"embeddable":true,"href":"http:\/\/www.liceodeourense.com\/2.0\/index.php?rest_route=\/wp\/v2\/media\/14408"}],"wp:attachment":[{"href":"http:\/\/www.liceodeourense.com\/2.0\/index.php?rest_route=%2Fwp%2Fv2%2Fmedia&parent=14399"}],"wp:term":[{"taxonomy":"category","embeddable":true,"href":"http:\/\/www.liceodeourense.com\/2.0\/index.php?rest_route=%2Fwp%2Fv2%2Fcategories&post=14399"},{"taxonomy":"post_tag","embeddable":true,"href":"http:\/\/www.liceodeourense.com\/2.0\/index.php?rest_route=%2Fwp%2Fv2%2Ftags&post=14399"}],"curies":[{"name":"wp","href":"https:\/\/api.w.org\/{rel}","templated":true}]}}