{"id":14131,"date":"2022-04-23T11:49:40","date_gmt":"2022-04-23T10:49:40","guid":{"rendered":"https:\/\/www.liceodeourense.com\/2.0\/?p=14131"},"modified":"2022-04-23T11:50:19","modified_gmt":"2022-04-23T10:50:19","slug":"firma-convenio-de-colaboracion-da-fundacion-otero-pedrayo-e-o-liceo-de-ourense","status":"publish","type":"post","link":"http:\/\/www.liceodeourense.com\/2.0\/?p=14131","title":{"rendered":"FIRMA CONVENIO DE COLABORAC\u00cdON DA FUNDACI\u00d3N OTERO PEDRAYO E O LICEO DE OURENSE-"},"content":{"rendered":"<h3 align=\"JUSTIFY\">Xavier Casares Mouri\u00f1o, presidente do Liceo de Ourense, e Jos\u00e9 Eduardo L\u00f3pez Pereirao, presidente da Fundaci\u00f3n Otero Pedrayo, asinaron hoxe un Convenio de Colaboraci\u00f3n entre ambas instituci\u00f3ns,\u00a0coa finalidade de conseguir os obxectivos de buscar a conxunci\u00f3n de ideas e actuaci\u00f3ns a prol do desenvolvemento cultural, intelectual e econ\u00f3mico dos cidad\u00e1ns da provincia de Ourense. O Liceo de Ourense e a Fundaci\u00f3n Otero Pedrayo comprom\u00e9tense, coa sinatura deste acordo, a colaborar naqueles actos culturais que consideren oportunos para beneficio das d\u00faas instituci\u00f3ns e os seus asociados.<\/h3>\n<p><img loading=\"lazy\" decoding=\"async\" class=\"alignleft wp-image-14133 size-full\" src=\"https:\/\/www.liceodeourense.com\/2.0\/wp-content\/uploads\/FIRMAFUNDACIONOTEROPEDRAYO0.jpg\" alt=\"\" width=\"911\" height=\"494\" srcset=\"https:\/\/www.liceodeourense.com\/2.0\/wp-content\/uploads\/FIRMAFUNDACIONOTEROPEDRAYO0.jpg 911w, https:\/\/www.liceodeourense.com\/2.0\/wp-content\/uploads\/FIRMAFUNDACIONOTEROPEDRAYO0-300x163.jpg 300w, https:\/\/www.liceodeourense.com\/2.0\/wp-content\/uploads\/FIRMAFUNDACIONOTEROPEDRAYO0-768x416.jpg 768w\" sizes=\"auto, (max-width: 911px) 100vw, 911px\" \/><\/p>\n","protected":false},"excerpt":{"rendered":"<p>Xavier Casares Mouri\u00f1o, presidente do Liceo de Ourense, e Jos\u00e9 Eduardo L\u00f3pez Pereirao, presidente da Fundaci\u00f3n Otero Pedrayo, asinaron hoxe un Convenio de Colaboraci\u00f3n entre ambas instituci\u00f3ns,\u00a0coa finalidade de conseguir os obxectivos de buscar a conxunci\u00f3n de ideas e actuaci\u00f3ns a prol do desenvolvemento cultural, intelectual e econ\u00f3mico dos cidad\u00e1ns da provincia de Ourense. O [&hellip;]<\/p>\n","protected":false},"author":2,"featured_media":14132,"comment_status":"open","ping_status":"closed","sticky":false,"template":"","format":"standard","meta":{"footnotes":""},"categories":[24,4],"tags":[],"class_list":["post-14131","post","type-post","status-publish","format-standard","has-post-thumbnail","hentry","category-actividade-social","category-liceo"],"_links":{"self":[{"href":"http:\/\/www.liceodeourense.com\/2.0\/index.php?rest_route=\/wp\/v2\/posts\/14131","targetHints":{"allow":["GET"]}}],"collection":[{"href":"http:\/\/www.liceodeourense.com\/2.0\/index.php?rest_route=\/wp\/v2\/posts"}],"about":[{"href":"http:\/\/www.liceodeourense.com\/2.0\/index.php?rest_route=\/wp\/v2\/types\/post"}],"author":[{"embeddable":true,"href":"http:\/\/www.liceodeourense.com\/2.0\/index.php?rest_route=\/wp\/v2\/users\/2"}],"replies":[{"embeddable":true,"href":"http:\/\/www.liceodeourense.com\/2.0\/index.php?rest_route=%2Fwp%2Fv2%2Fcomments&post=14131"}],"version-history":[{"count":2,"href":"http:\/\/www.liceodeourense.com\/2.0\/index.php?rest_route=\/wp\/v2\/posts\/14131\/revisions"}],"predecessor-version":[{"id":14135,"href":"http:\/\/www.liceodeourense.com\/2.0\/index.php?rest_route=\/wp\/v2\/posts\/14131\/revisions\/14135"}],"wp:featuredmedia":[{"embeddable":true,"href":"http:\/\/www.liceodeourense.com\/2.0\/index.php?rest_route=\/wp\/v2\/media\/14132"}],"wp:attachment":[{"href":"http:\/\/www.liceodeourense.com\/2.0\/index.php?rest_route=%2Fwp%2Fv2%2Fmedia&parent=14131"}],"wp:term":[{"taxonomy":"category","embeddable":true,"href":"http:\/\/www.liceodeourense.com\/2.0\/index.php?rest_route=%2Fwp%2Fv2%2Fcategories&post=14131"},{"taxonomy":"post_tag","embeddable":true,"href":"http:\/\/www.liceodeourense.com\/2.0\/index.php?rest_route=%2Fwp%2Fv2%2Ftags&post=14131"}],"curies":[{"name":"wp","href":"https:\/\/api.w.org\/{rel}","templated":true}]}}