{"id":14091,"date":"2022-04-18T22:08:17","date_gmt":"2022-04-18T21:08:17","guid":{"rendered":"https:\/\/www.liceodeourense.com\/2.0\/?p=14091"},"modified":"2022-04-19T10:19:54","modified_gmt":"2022-04-19T09:19:54","slug":"extraordinario-concerto-sacro-da-coral-do-liceo","status":"publish","type":"post","link":"http:\/\/www.liceodeourense.com\/2.0\/?p=14091","title":{"rendered":"EXTRAORDINARIO CONCERTO SACRO DA CORAL DO LICEO."},"content":{"rendered":"<h3><span style=\"color: #003366;\">Hoxe, Luns de Pascua,\u00a0 na Iglesia de Santa Mar\u00eda Nai, a Coral do Liceo ofrecreu o seu tradicional Concerto Sacro, cun programa extraordinario interpretado maxistralmente. Noraboa a todos\/as os coralistas e a s\u00faa Directora Yolanda Grela. Moitas gracias todos os que nos acompa\u00f1aron e que encheron non so f\u00edsicamente o templo, sen\u00f3n que lle deron todo\u00a0 o seu calor a coral cos seus aplausos. Tam\u00e9n o noso agradecemento o Cabildo da Catedral por permitirnos celebrar na Iglesia este concerto.<\/span><\/h3>\n<p><iframe loading=\"lazy\" title=\"CONCERTO SACRO CORAL LICEO DE OURENSE\" width=\"640\" height=\"360\" src=\"https:\/\/www.youtube.com\/embed\/SlvlGvY26hU?feature=oembed\" frameborder=\"0\" allow=\"accelerometer; autoplay; clipboard-write; encrypted-media; gyroscope; picture-in-picture; web-share\" referrerpolicy=\"strict-origin-when-cross-origin\" allowfullscreen><\/iframe><\/p>\n<p><iframe loading=\"lazy\" title=\"CONCERTO SACRO CORAL DO LICEO\" width=\"640\" height=\"360\" src=\"https:\/\/www.youtube.com\/embed\/lubUhcr6KhA?feature=oembed\" frameborder=\"0\" allow=\"accelerometer; autoplay; clipboard-write; encrypted-media; gyroscope; picture-in-picture; web-share\" referrerpolicy=\"strict-origin-when-cross-origin\" allowfullscreen><\/iframe><\/p>\n<p><iframe loading=\"lazy\" title=\"CONCERTO SACRO CORAL DO LICEO DE OURENSE\" width=\"640\" height=\"360\" src=\"https:\/\/www.youtube.com\/embed\/xa8VnKvfAYo?feature=oembed\" frameborder=\"0\" allow=\"accelerometer; autoplay; clipboard-write; encrypted-media; gyroscope; picture-in-picture; web-share\" referrerpolicy=\"strict-origin-when-cross-origin\" allowfullscreen><\/iframe><\/p>\n<p><iframe loading=\"lazy\" title=\"CONCERTO SACRO CORAL LICEO\" width=\"640\" height=\"360\" src=\"https:\/\/www.youtube.com\/embed\/oUycLoV3Yeo?feature=oembed\" frameborder=\"0\" allow=\"accelerometer; autoplay; clipboard-write; encrypted-media; gyroscope; picture-in-picture; web-share\" referrerpolicy=\"strict-origin-when-cross-origin\" allowfullscreen><\/iframe><\/p>\n<p><iframe loading=\"lazy\" title=\"CONCERTO SACRO CORAL DO LICEO DE OURENSE\" width=\"640\" height=\"360\" src=\"https:\/\/www.youtube.com\/embed\/vq-T_wZVzT4?feature=oembed\" frameborder=\"0\" allow=\"accelerometer; autoplay; clipboard-write; encrypted-media; gyroscope; picture-in-picture; web-share\" referrerpolicy=\"strict-origin-when-cross-origin\" allowfullscreen><\/iframe><\/p>\n<p><img loading=\"lazy\" decoding=\"async\" class=\"alignleft wp-image-14092 size-full\" src=\"https:\/\/www.liceodeourense.com\/2.0\/wp-content\/uploads\/CONCIERTO-SACRO-CORAL-01.jpg\" alt=\"\" width=\"730\" height=\"547\" srcset=\"https:\/\/www.liceodeourense.com\/2.0\/wp-content\/uploads\/CONCIERTO-SACRO-CORAL-01.jpg 730w, https:\/\/www.liceodeourense.com\/2.0\/wp-content\/uploads\/CONCIERTO-SACRO-CORAL-01-300x225.jpg 300w\" sizes=\"auto, (max-width: 730px) 100vw, 730px\" \/> <img loading=\"lazy\" decoding=\"async\" class=\"alignleft wp-image-14094 size-full\" src=\"https:\/\/www.liceodeourense.com\/2.0\/wp-content\/uploads\/CONCIERTO-SACRO-CORAL-03.jpg\" alt=\"\" width=\"730\" height=\"547\" srcset=\"https:\/\/www.liceodeourense.com\/2.0\/wp-content\/uploads\/CONCIERTO-SACRO-CORAL-03.jpg 730w, https:\/\/www.liceodeourense.com\/2.0\/wp-content\/uploads\/CONCIERTO-SACRO-CORAL-03-300x225.jpg 300w\" sizes=\"auto, (max-width: 730px) 100vw, 730px\" \/><img loading=\"lazy\" decoding=\"async\" class=\"alignleft wp-image-14042 \" src=\"https:\/\/www.liceodeourense.com\/2.0\/wp-content\/uploads\/CONCIERTO-CORAL-LICEO-1-724x1024.jpg\" alt=\"\" width=\"640\" height=\"905\" srcset=\"https:\/\/www.liceodeourense.com\/2.0\/wp-content\/uploads\/CONCIERTO-CORAL-LICEO-1-724x1024.jpg 724w, https:\/\/www.liceodeourense.com\/2.0\/wp-content\/uploads\/CONCIERTO-CORAL-LICEO-1-212x300.jpg 212w, https:\/\/www.liceodeourense.com\/2.0\/wp-content\/uploads\/CONCIERTO-CORAL-LICEO-1-768x1086.jpg 768w, https:\/\/www.liceodeourense.com\/2.0\/wp-content\/uploads\/CONCIERTO-CORAL-LICEO-1-1087x1536.jpg 1087w, https:\/\/www.liceodeourense.com\/2.0\/wp-content\/uploads\/CONCIERTO-CORAL-LICEO-1-1449x2048.jpg 1449w, https:\/\/www.liceodeourense.com\/2.0\/wp-content\/uploads\/CONCIERTO-CORAL-LICEO-1.jpg 1526w\" sizes=\"auto, (max-width: 640px) 100vw, 640px\" \/><\/p>\n","protected":false},"excerpt":{"rendered":"<p>Hoxe, Luns de Pascua,\u00a0 na Iglesia de Santa Mar\u00eda Nai, a Coral do Liceo ofrecreu o seu tradicional Concerto Sacro, cun programa extraordinario interpretado maxistralmente. Noraboa a todos\/as os coralistas e a s\u00faa Directora Yolanda Grela. Moitas gracias todos os que nos acompa\u00f1aron e que encheron non so f\u00edsicamente o templo, sen\u00f3n que lle deron [&hellip;]<\/p>\n","protected":false},"author":2,"featured_media":14093,"comment_status":"open","ping_status":"closed","sticky":false,"template":"","format":"standard","meta":{"footnotes":""},"categories":[5,14],"tags":[],"class_list":["post-14091","post","type-post","status-publish","format-standard","has-post-thumbnail","hentry","category-musica","category-musica-coral-liceo"],"_links":{"self":[{"href":"http:\/\/www.liceodeourense.com\/2.0\/index.php?rest_route=\/wp\/v2\/posts\/14091","targetHints":{"allow":["GET"]}}],"collection":[{"href":"http:\/\/www.liceodeourense.com\/2.0\/index.php?rest_route=\/wp\/v2\/posts"}],"about":[{"href":"http:\/\/www.liceodeourense.com\/2.0\/index.php?rest_route=\/wp\/v2\/types\/post"}],"author":[{"embeddable":true,"href":"http:\/\/www.liceodeourense.com\/2.0\/index.php?rest_route=\/wp\/v2\/users\/2"}],"replies":[{"embeddable":true,"href":"http:\/\/www.liceodeourense.com\/2.0\/index.php?rest_route=%2Fwp%2Fv2%2Fcomments&post=14091"}],"version-history":[{"count":2,"href":"http:\/\/www.liceodeourense.com\/2.0\/index.php?rest_route=\/wp\/v2\/posts\/14091\/revisions"}],"predecessor-version":[{"id":14096,"href":"http:\/\/www.liceodeourense.com\/2.0\/index.php?rest_route=\/wp\/v2\/posts\/14091\/revisions\/14096"}],"wp:featuredmedia":[{"embeddable":true,"href":"http:\/\/www.liceodeourense.com\/2.0\/index.php?rest_route=\/wp\/v2\/media\/14093"}],"wp:attachment":[{"href":"http:\/\/www.liceodeourense.com\/2.0\/index.php?rest_route=%2Fwp%2Fv2%2Fmedia&parent=14091"}],"wp:term":[{"taxonomy":"category","embeddable":true,"href":"http:\/\/www.liceodeourense.com\/2.0\/index.php?rest_route=%2Fwp%2Fv2%2Fcategories&post=14091"},{"taxonomy":"post_tag","embeddable":true,"href":"http:\/\/www.liceodeourense.com\/2.0\/index.php?rest_route=%2Fwp%2Fv2%2Ftags&post=14091"}],"curies":[{"name":"wp","href":"https:\/\/api.w.org\/{rel}","templated":true}]}}