{"id":14019,"date":"2022-04-02T22:32:31","date_gmt":"2022-04-02T21:32:31","guid":{"rendered":"https:\/\/www.liceodeourense.com\/2.0\/?p=14019"},"modified":"2022-04-04T11:38:37","modified_gmt":"2022-04-04T10:38:37","slug":"extraordinario-concierto-de-diana-tarin","status":"publish","type":"post","link":"http:\/\/www.liceodeourense.com\/2.0\/?p=14019","title":{"rendered":"EXTRAORDINARIO CONCIERTO DE DIANA TAR\u00cdN."},"content":{"rendered":"<h3>Un aut\u00e9ntico lujo poder escuchar en El Liceo a DIANA TAR\u00cdN, magn\u00edfica voz, con un gusto exquisito, un extraordinario concierto el que nos ofreci\u00f3 esta tarde en el Sal\u00f3n Noble, junto a Edel Orta (piano) y Alex Torres (percusi\u00f3n ). Muchas gracias por vuestra m\u00fasica, y muchas gracias a todos los que os acompa\u00f1asteis.<\/h3>\n<p><img loading=\"lazy\" decoding=\"async\" class=\"wp-image-14021 size-full alignleft\" src=\"https:\/\/www.liceodeourense.com\/2.0\/wp-content\/uploads\/DIANA-TARIN01.jpg\" alt=\"\" width=\"547\" height=\"730\" srcset=\"https:\/\/www.liceodeourense.com\/2.0\/wp-content\/uploads\/DIANA-TARIN01.jpg 547w, https:\/\/www.liceodeourense.com\/2.0\/wp-content\/uploads\/DIANA-TARIN01-225x300.jpg 225w\" sizes=\"auto, (max-width: 547px) 100vw, 547px\" \/> <img loading=\"lazy\" decoding=\"async\" class=\"wp-image-14022 size-full alignleft\" src=\"https:\/\/www.liceodeourense.com\/2.0\/wp-content\/uploads\/DIANA-TARIN03.jpg\" alt=\"\" width=\"547\" height=\"730\" srcset=\"https:\/\/www.liceodeourense.com\/2.0\/wp-content\/uploads\/DIANA-TARIN03.jpg 547w, https:\/\/www.liceodeourense.com\/2.0\/wp-content\/uploads\/DIANA-TARIN03-225x300.jpg 225w\" sizes=\"auto, (max-width: 547px) 100vw, 547px\" \/> <img loading=\"lazy\" decoding=\"async\" class=\"alignleft wp-image-14023 size-full\" src=\"https:\/\/www.liceodeourense.com\/2.0\/wp-content\/uploads\/DIANA-TARIN04.jpg\" alt=\"\" width=\"547\" height=\"730\" srcset=\"https:\/\/www.liceodeourense.com\/2.0\/wp-content\/uploads\/DIANA-TARIN04.jpg 547w, https:\/\/www.liceodeourense.com\/2.0\/wp-content\/uploads\/DIANA-TARIN04-225x300.jpg 225w\" sizes=\"auto, (max-width: 547px) 100vw, 547px\" \/> <img loading=\"lazy\" decoding=\"async\" class=\"alignleft wp-image-14024 \" src=\"https:\/\/www.liceodeourense.com\/2.0\/wp-content\/uploads\/DIANA-TARIN05.jpg\" alt=\"\" width=\"729\" height=\"546\" srcset=\"https:\/\/www.liceodeourense.com\/2.0\/wp-content\/uploads\/DIANA-TARIN05.jpg 730w, https:\/\/www.liceodeourense.com\/2.0\/wp-content\/uploads\/DIANA-TARIN05-300x225.jpg 300w\" sizes=\"auto, (max-width: 729px) 100vw, 729px\" \/> <img loading=\"lazy\" decoding=\"async\" class=\"alignleft wp-image-14025 \" src=\"https:\/\/www.liceodeourense.com\/2.0\/wp-content\/uploads\/DIANA-TARIN06.jpg\" alt=\"\" width=\"796\" height=\"534\" \/><img loading=\"lazy\" decoding=\"async\" class=\"alignleft wp-image-13985 \" src=\"https:\/\/www.liceodeourense.com\/2.0\/wp-content\/uploads\/DIANA-TARIN-1.jpg\" alt=\"\" width=\"725\" height=\"1025\" srcset=\"https:\/\/www.liceodeourense.com\/2.0\/wp-content\/uploads\/DIANA-TARIN-1.jpg 1283w, https:\/\/www.liceodeourense.com\/2.0\/wp-content\/uploads\/DIANA-TARIN-1-212x300.jpg 212w, https:\/\/www.liceodeourense.com\/2.0\/wp-content\/uploads\/DIANA-TARIN-1-724x1024.jpg 724w, https:\/\/www.liceodeourense.com\/2.0\/wp-content\/uploads\/DIANA-TARIN-1-768x1086.jpg 768w, https:\/\/www.liceodeourense.com\/2.0\/wp-content\/uploads\/DIANA-TARIN-1-1086x1536.jpg 1086w\" sizes=\"auto, (max-width: 725px) 100vw, 725px\" \/><\/p>\n","protected":false},"excerpt":{"rendered":"<p>Un aut\u00e9ntico lujo poder escuchar en El Liceo a DIANA TAR\u00cdN, magn\u00edfica voz, con un gusto exquisito, un extraordinario concierto el que nos ofreci\u00f3 esta tarde en el Sal\u00f3n Noble, junto a Edel Orta (piano) y Alex Torres (percusi\u00f3n ). Muchas gracias por vuestra m\u00fasica, y muchas gracias a todos los que os acompa\u00f1asteis.<\/p>\n","protected":false},"author":2,"featured_media":14020,"comment_status":"open","ping_status":"closed","sticky":false,"template":"","format":"standard","meta":{"footnotes":""},"categories":[5,21],"tags":[],"class_list":["post-14019","post","type-post","status-publish","format-standard","has-post-thumbnail","hentry","category-musica","category-musica-concertos-patio-de-columnas"],"_links":{"self":[{"href":"http:\/\/www.liceodeourense.com\/2.0\/index.php?rest_route=\/wp\/v2\/posts\/14019","targetHints":{"allow":["GET"]}}],"collection":[{"href":"http:\/\/www.liceodeourense.com\/2.0\/index.php?rest_route=\/wp\/v2\/posts"}],"about":[{"href":"http:\/\/www.liceodeourense.com\/2.0\/index.php?rest_route=\/wp\/v2\/types\/post"}],"author":[{"embeddable":true,"href":"http:\/\/www.liceodeourense.com\/2.0\/index.php?rest_route=\/wp\/v2\/users\/2"}],"replies":[{"embeddable":true,"href":"http:\/\/www.liceodeourense.com\/2.0\/index.php?rest_route=%2Fwp%2Fv2%2Fcomments&post=14019"}],"version-history":[{"count":2,"href":"http:\/\/www.liceodeourense.com\/2.0\/index.php?rest_route=\/wp\/v2\/posts\/14019\/revisions"}],"predecessor-version":[{"id":14027,"href":"http:\/\/www.liceodeourense.com\/2.0\/index.php?rest_route=\/wp\/v2\/posts\/14019\/revisions\/14027"}],"wp:featuredmedia":[{"embeddable":true,"href":"http:\/\/www.liceodeourense.com\/2.0\/index.php?rest_route=\/wp\/v2\/media\/14020"}],"wp:attachment":[{"href":"http:\/\/www.liceodeourense.com\/2.0\/index.php?rest_route=%2Fwp%2Fv2%2Fmedia&parent=14019"}],"wp:term":[{"taxonomy":"category","embeddable":true,"href":"http:\/\/www.liceodeourense.com\/2.0\/index.php?rest_route=%2Fwp%2Fv2%2Fcategories&post=14019"},{"taxonomy":"post_tag","embeddable":true,"href":"http:\/\/www.liceodeourense.com\/2.0\/index.php?rest_route=%2Fwp%2Fv2%2Ftags&post=14019"}],"curies":[{"name":"wp","href":"https:\/\/api.w.org\/{rel}","templated":true}]}}