{"id":13951,"date":"2022-03-26T22:21:53","date_gmt":"2022-03-26T21:21:53","guid":{"rendered":"https:\/\/www.liceodeourense.com\/2.0\/?p=13951"},"modified":"2022-03-28T12:40:22","modified_gmt":"2022-03-28T11:40:22","slug":"ii-esta-semana-paula-coronas","status":"publish","type":"post","link":"http:\/\/www.liceodeourense.com\/2.0\/?p=13951","title":{"rendered":"Extaordinario concierto de PAULA CORONAS."},"content":{"rendered":"<h3>Extraordinario concierto de piano el que nos ofreci\u00f3 en la tarde de hoy PAULA CORONAS, un lujo de interprete para\u00a0 El Liceo. Esta pianista malague\u00f1a, interpreto en\u00a0 el Sal\u00f3n Noble un programa dedicado a la m\u00fasica espa\u00f1ola para piano.<\/h3>\n<h3>Con una amplia formaci\u00f3n musical, Paula Coronas est\u00e1 especializada en m\u00fasica espa\u00f1ola y es doctora en Comunicaci\u00f3n y M\u00fasica por la Universidad de M\u00e1laga. Sus trabajos de investigaci\u00f3n y recuperaci\u00f3n del patrimonio musical espa\u00f1ol, con especial \u00e9nfasis en el andaluz, se ve reflejado en numerosas publicaciones. Autora de cinco libros, son numerosos sus art\u00edculos y colaboraciones en publicaciones especializadas abordando las ra\u00edces musicales de nuestro pa\u00eds.<\/h3>\n<h3>El \u00faltimo disco de Paula Coronas lleva el nombre de\u00a0<em>\u00abFemmes d\u2019Espagne\u00bb<\/em> cuyas obras formaron parte del programa que interpreto hoy, M\u00fasica Espa\u00f1ola de autores tan relevantes como Ernesto Halffter, Manuel De Falla, Joaqu\u00edn Turina o Ant\u00f3n Garc\u00eda Abril .<\/h3>\n<h3>Much\u00edsimas gracias Paula por tu generosidad, por tu simpat\u00eda, por tu amistad, ya formas parte de la historia del Liceo, y como tal de la vida de esta Entidad, aqu\u00ed tienes tu casa.<\/h3>\n<h3><img loading=\"lazy\" decoding=\"async\" class=\"alignnone wp-image-13971 size-full\" src=\"https:\/\/www.liceodeourense.com\/2.0\/wp-content\/uploads\/PAULA-CORONAS-01.jpg\" alt=\"\" width=\"960\" height=\"764\" srcset=\"https:\/\/www.liceodeourense.com\/2.0\/wp-content\/uploads\/PAULA-CORONAS-01.jpg 960w, https:\/\/www.liceodeourense.com\/2.0\/wp-content\/uploads\/PAULA-CORONAS-01-300x239.jpg 300w, https:\/\/www.liceodeourense.com\/2.0\/wp-content\/uploads\/PAULA-CORONAS-01-768x611.jpg 768w\" sizes=\"auto, (max-width: 960px) 100vw, 960px\" \/> <img loading=\"lazy\" decoding=\"async\" class=\"alignnone wp-image-13972 size-full\" src=\"https:\/\/www.liceodeourense.com\/2.0\/wp-content\/uploads\/PAULA-CORONAS-02.jpg\" alt=\"\" width=\"960\" height=\"742\" srcset=\"https:\/\/www.liceodeourense.com\/2.0\/wp-content\/uploads\/PAULA-CORONAS-02.jpg 960w, https:\/\/www.liceodeourense.com\/2.0\/wp-content\/uploads\/PAULA-CORONAS-02-300x232.jpg 300w, https:\/\/www.liceodeourense.com\/2.0\/wp-content\/uploads\/PAULA-CORONAS-02-768x594.jpg 768w\" sizes=\"auto, (max-width: 960px) 100vw, 960px\" \/> <img loading=\"lazy\" decoding=\"async\" class=\"alignnone wp-image-13973 size-full\" src=\"https:\/\/www.liceodeourense.com\/2.0\/wp-content\/uploads\/PAULA-CORONAS-03.jpg\" alt=\"\" width=\"960\" height=\"825\" srcset=\"https:\/\/www.liceodeourense.com\/2.0\/wp-content\/uploads\/PAULA-CORONAS-03.jpg 960w, https:\/\/www.liceodeourense.com\/2.0\/wp-content\/uploads\/PAULA-CORONAS-03-300x258.jpg 300w, https:\/\/www.liceodeourense.com\/2.0\/wp-content\/uploads\/PAULA-CORONAS-03-768x660.jpg 768w\" sizes=\"auto, (max-width: 960px) 100vw, 960px\" \/><\/h3>\n<p><img loading=\"lazy\" decoding=\"async\" class=\"alignleft wp-image-13665 \" src=\"https:\/\/www.liceodeourense.com\/2.0\/wp-content\/uploads\/PAULA-CORONAS.jpg\" alt=\"\" width=\"657\" height=\"929\" srcset=\"https:\/\/www.liceodeourense.com\/2.0\/wp-content\/uploads\/PAULA-CORONAS.jpg 1283w, https:\/\/www.liceodeourense.com\/2.0\/wp-content\/uploads\/PAULA-CORONAS-212x300.jpg 212w, https:\/\/www.liceodeourense.com\/2.0\/wp-content\/uploads\/PAULA-CORONAS-724x1024.jpg 724w, https:\/\/www.liceodeourense.com\/2.0\/wp-content\/uploads\/PAULA-CORONAS-768x1086.jpg 768w, https:\/\/www.liceodeourense.com\/2.0\/wp-content\/uploads\/PAULA-CORONAS-1086x1536.jpg 1086w\" sizes=\"auto, (max-width: 657px) 100vw, 657px\" \/><\/p>\n","protected":false},"excerpt":{"rendered":"<p>Extraordinario concierto de piano el que nos ofreci\u00f3 en la tarde de hoy PAULA CORONAS, un lujo de interprete para\u00a0 El Liceo. Esta pianista malague\u00f1a, interpreto en\u00a0 el Sal\u00f3n Noble un programa dedicado a la m\u00fasica espa\u00f1ola para piano. Con una amplia formaci\u00f3n musical, Paula Coronas est\u00e1 especializada en m\u00fasica espa\u00f1ola y es doctora en [&hellip;]<\/p>\n","protected":false},"author":2,"featured_media":13974,"comment_status":"open","ping_status":"closed","sticky":false,"template":"","format":"standard","meta":{"footnotes":""},"categories":[5],"tags":[],"class_list":["post-13951","post","type-post","status-publish","format-standard","has-post-thumbnail","hentry","category-musica"],"_links":{"self":[{"href":"http:\/\/www.liceodeourense.com\/2.0\/index.php?rest_route=\/wp\/v2\/posts\/13951","targetHints":{"allow":["GET"]}}],"collection":[{"href":"http:\/\/www.liceodeourense.com\/2.0\/index.php?rest_route=\/wp\/v2\/posts"}],"about":[{"href":"http:\/\/www.liceodeourense.com\/2.0\/index.php?rest_route=\/wp\/v2\/types\/post"}],"author":[{"embeddable":true,"href":"http:\/\/www.liceodeourense.com\/2.0\/index.php?rest_route=\/wp\/v2\/users\/2"}],"replies":[{"embeddable":true,"href":"http:\/\/www.liceodeourense.com\/2.0\/index.php?rest_route=%2Fwp%2Fv2%2Fcomments&post=13951"}],"version-history":[{"count":5,"href":"http:\/\/www.liceodeourense.com\/2.0\/index.php?rest_route=\/wp\/v2\/posts\/13951\/revisions"}],"predecessor-version":[{"id":13977,"href":"http:\/\/www.liceodeourense.com\/2.0\/index.php?rest_route=\/wp\/v2\/posts\/13951\/revisions\/13977"}],"wp:featuredmedia":[{"embeddable":true,"href":"http:\/\/www.liceodeourense.com\/2.0\/index.php?rest_route=\/wp\/v2\/media\/13974"}],"wp:attachment":[{"href":"http:\/\/www.liceodeourense.com\/2.0\/index.php?rest_route=%2Fwp%2Fv2%2Fmedia&parent=13951"}],"wp:term":[{"taxonomy":"category","embeddable":true,"href":"http:\/\/www.liceodeourense.com\/2.0\/index.php?rest_route=%2Fwp%2Fv2%2Fcategories&post=13951"},{"taxonomy":"post_tag","embeddable":true,"href":"http:\/\/www.liceodeourense.com\/2.0\/index.php?rest_route=%2Fwp%2Fv2%2Ftags&post=13951"}],"curies":[{"name":"wp","href":"https:\/\/api.w.org\/{rel}","templated":true}]}}