{"id":13548,"date":"2022-01-02T13:26:00","date_gmt":"2022-01-02T12:26:00","guid":{"rendered":"https:\/\/www.liceodeourense.com\/2.0\/?p=13548"},"modified":"2022-01-03T10:30:15","modified_gmt":"2022-01-03T09:30:15","slug":"actuacion-mago-deimi-no-liceo","status":"publish","type":"post","link":"http:\/\/www.liceodeourense.com\/2.0\/?p=13548","title":{"rendered":"ACTUACI\u00d3N MAGO DEIMI no LICEO."},"content":{"rendered":"<h3><a href=\"https:\/\/www.liceodeourense.com\/2.0\/?attachment_id=13552\" rel=\"attachment wp-att-13552\"><img loading=\"lazy\" decoding=\"async\" class=\"alignleft size-full wp-image-13552\" src=\"https:\/\/www.liceodeourense.com\/2.0\/wp-content\/uploads\/MAGO-DEIMI04.jpg\" alt=\"\" width=\"730\" height=\"547\" srcset=\"https:\/\/www.liceodeourense.com\/2.0\/wp-content\/uploads\/MAGO-DEIMI04.jpg 730w, https:\/\/www.liceodeourense.com\/2.0\/wp-content\/uploads\/MAGO-DEIMI04-300x225.jpg 300w\" sizes=\"auto, (max-width: 730px) 100vw, 730px\" \/><\/a><\/h3>\n<h3>Hoxe, e no marco da programaci\u00f3n de Nadal do Liceo, tivo lugar a Actuaci\u00f3n do Mago Deimi no Sal\u00f3n Noble da nosa casa, unha actuaci\u00f3n que cautivou i enganchou a todos, m\u00e1is pequenos e m\u00e1is grandes, facendo que boa parte do p\u00fablico interactuase con \u00e9l.\u00a0 Moitas gracias Demi polo teu traballo e a Xos\u00e9 Manager pola t\u00faa aportaci\u00f3n.. Agardamos por vos outra vez&#8230;<\/h3>\n<p><a href=\"https:\/\/www.liceodeourense.com\/2.0\/?attachment_id=13549\" rel=\"attachment wp-att-13549\"><img loading=\"lazy\" decoding=\"async\" class=\"alignleft size-full wp-image-13549\" src=\"https:\/\/www.liceodeourense.com\/2.0\/wp-content\/uploads\/MAGO-DEIMI01.jpg\" alt=\"\" width=\"547\" height=\"730\" srcset=\"https:\/\/www.liceodeourense.com\/2.0\/wp-content\/uploads\/MAGO-DEIMI01.jpg 547w, https:\/\/www.liceodeourense.com\/2.0\/wp-content\/uploads\/MAGO-DEIMI01-225x300.jpg 225w\" sizes=\"auto, (max-width: 547px) 100vw, 547px\" \/><\/a> <a href=\"https:\/\/www.liceodeourense.com\/2.0\/?attachment_id=13550\" rel=\"attachment wp-att-13550\"><img loading=\"lazy\" decoding=\"async\" class=\"alignleft size-full wp-image-13550\" src=\"https:\/\/www.liceodeourense.com\/2.0\/wp-content\/uploads\/MAGO-DEIMI02.jpg\" alt=\"\" width=\"730\" height=\"547\" srcset=\"https:\/\/www.liceodeourense.com\/2.0\/wp-content\/uploads\/MAGO-DEIMI02.jpg 730w, https:\/\/www.liceodeourense.com\/2.0\/wp-content\/uploads\/MAGO-DEIMI02-300x225.jpg 300w\" sizes=\"auto, (max-width: 730px) 100vw, 730px\" \/><\/a> <a href=\"https:\/\/www.liceodeourense.com\/2.0\/?attachment_id=13551\" rel=\"attachment wp-att-13551\"><img loading=\"lazy\" decoding=\"async\" class=\"alignleft size-full wp-image-13551\" src=\"https:\/\/www.liceodeourense.com\/2.0\/wp-content\/uploads\/MAGO-DEIMI03.jpg\" alt=\"\" width=\"730\" height=\"547\" srcset=\"https:\/\/www.liceodeourense.com\/2.0\/wp-content\/uploads\/MAGO-DEIMI03.jpg 730w, https:\/\/www.liceodeourense.com\/2.0\/wp-content\/uploads\/MAGO-DEIMI03-300x225.jpg 300w\" sizes=\"auto, (max-width: 730px) 100vw, 730px\" \/><\/a><a href=\"https:\/\/www.liceodeourense.com\/2.0\/?attachment_id=13451\" rel=\"attachment wp-att-13451\"><img loading=\"lazy\" decoding=\"async\" class=\"alignleft  wp-image-13451\" src=\"https:\/\/www.liceodeourense.com\/2.0\/wp-content\/uploads\/MAGO-DEIMI.jpg\" alt=\"\" width=\"755\" height=\"1067\" srcset=\"https:\/\/www.liceodeourense.com\/2.0\/wp-content\/uploads\/MAGO-DEIMI.jpg 1283w, https:\/\/www.liceodeourense.com\/2.0\/wp-content\/uploads\/MAGO-DEIMI-212x300.jpg 212w, https:\/\/www.liceodeourense.com\/2.0\/wp-content\/uploads\/MAGO-DEIMI-724x1024.jpg 724w, https:\/\/www.liceodeourense.com\/2.0\/wp-content\/uploads\/MAGO-DEIMI-768x1086.jpg 768w, https:\/\/www.liceodeourense.com\/2.0\/wp-content\/uploads\/MAGO-DEIMI-1086x1536.jpg 1086w\" sizes=\"auto, (max-width: 755px) 100vw, 755px\" \/><\/a><\/p>\n","protected":false},"excerpt":{"rendered":"<p>Hoxe, e no marco da programaci\u00f3n de Nadal do Liceo, tivo lugar a Actuaci\u00f3n do Mago Deimi no Sal\u00f3n Noble da nosa casa, unha actuaci\u00f3n que cautivou i enganchou a todos, m\u00e1is pequenos e m\u00e1is grandes, facendo que boa parte do p\u00fablico interactuase con \u00e9l.\u00a0 Moitas gracias Demi polo teu traballo e a Xos\u00e9 Manager [&hellip;]<\/p>\n","protected":false},"author":2,"featured_media":0,"comment_status":"open","ping_status":"closed","sticky":false,"template":"","format":"standard","meta":{"footnotes":""},"categories":[1],"tags":[],"class_list":["post-13548","post","type-post","status-publish","format-standard","hentry","category-sin-categoria"],"_links":{"self":[{"href":"http:\/\/www.liceodeourense.com\/2.0\/index.php?rest_route=\/wp\/v2\/posts\/13548","targetHints":{"allow":["GET"]}}],"collection":[{"href":"http:\/\/www.liceodeourense.com\/2.0\/index.php?rest_route=\/wp\/v2\/posts"}],"about":[{"href":"http:\/\/www.liceodeourense.com\/2.0\/index.php?rest_route=\/wp\/v2\/types\/post"}],"author":[{"embeddable":true,"href":"http:\/\/www.liceodeourense.com\/2.0\/index.php?rest_route=\/wp\/v2\/users\/2"}],"replies":[{"embeddable":true,"href":"http:\/\/www.liceodeourense.com\/2.0\/index.php?rest_route=%2Fwp%2Fv2%2Fcomments&post=13548"}],"version-history":[{"count":1,"href":"http:\/\/www.liceodeourense.com\/2.0\/index.php?rest_route=\/wp\/v2\/posts\/13548\/revisions"}],"predecessor-version":[{"id":13553,"href":"http:\/\/www.liceodeourense.com\/2.0\/index.php?rest_route=\/wp\/v2\/posts\/13548\/revisions\/13553"}],"wp:attachment":[{"href":"http:\/\/www.liceodeourense.com\/2.0\/index.php?rest_route=%2Fwp%2Fv2%2Fmedia&parent=13548"}],"wp:term":[{"taxonomy":"category","embeddable":true,"href":"http:\/\/www.liceodeourense.com\/2.0\/index.php?rest_route=%2Fwp%2Fv2%2Fcategories&post=13548"},{"taxonomy":"post_tag","embeddable":true,"href":"http:\/\/www.liceodeourense.com\/2.0\/index.php?rest_route=%2Fwp%2Fv2%2Ftags&post=13548"}],"curies":[{"name":"wp","href":"https:\/\/api.w.org\/{rel}","templated":true}]}}