{"id":13504,"date":"2021-12-22T22:33:06","date_gmt":"2021-12-22T21:33:06","guid":{"rendered":"https:\/\/www.liceodeourense.com\/2.0\/?p=13504"},"modified":"2021-12-24T11:42:55","modified_gmt":"2021-12-24T10:42:55","slug":"concierto-de-nadal-coral-do-liceo","status":"publish","type":"post","link":"http:\/\/www.liceodeourense.com\/2.0\/?p=13504","title":{"rendered":"CONCIERTO DE NADAL CORAL DO LICEO."},"content":{"rendered":"<p><a href=\"https:\/\/www.liceodeourense.com\/2.0\/?attachment_id=13505\" rel=\"attachment wp-att-13505\"><img loading=\"lazy\" decoding=\"async\" class=\"alignleft  wp-image-13505\" src=\"https:\/\/www.liceodeourense.com\/2.0\/wp-content\/uploads\/CORAL-LICEO-NADAL-2021-01.jpg\" alt=\"\" width=\"742\" height=\"556\" srcset=\"https:\/\/www.liceodeourense.com\/2.0\/wp-content\/uploads\/CORAL-LICEO-NADAL-2021-01.jpg 730w, https:\/\/www.liceodeourense.com\/2.0\/wp-content\/uploads\/CORAL-LICEO-NADAL-2021-01-300x225.jpg 300w\" sizes=\"auto, (max-width: 742px) 100vw, 742px\" \/><\/a><\/p>\n<h3>Despois de case dou anos sen poder actuar a CORAL DO LICEO ofreceunos o tradicional CONCERTO DE NADAL, con todas as dificultades de cantar con mascarilla, e de tanto tempo se poder ensaiar queremos agradecer a todos e cada un dos coralistas e a nosa directora Yolanda Grela o esforzo e traballo para facer este EXTRAORDINARIO CONCERTO DE NADAL, foi moi emocionante poder volver a disfrutar das s\u00faas voces.<\/h3>\n<h3>Adem\u00e1is esta actividade deixounos dous momentos emocionantes, o primeiro e aproveitando a presentaci\u00f3n do acto polo Presidente do Liceo, a Xunta Directiva fixolle unha pequena homaxe en forma de agasallo o SOCIO NUMERO UN\u00a0 do LICEO, Don Luis Lamela Deza, Socio dende 1943 e que cumpriu\u00a0 101 anos.<\/h3>\n<p><a href=\"https:\/\/www.liceodeourense.com\/2.0\/?attachment_id=13508\" rel=\"attachment wp-att-13508\"><img loading=\"lazy\" decoding=\"async\" class=\"alignleft  wp-image-13508\" src=\"https:\/\/www.liceodeourense.com\/2.0\/wp-content\/uploads\/HOMEMAJE-LUIS-LAMELA-DEZA.jpg\" alt=\"\" width=\"722\" height=\"541\" srcset=\"https:\/\/www.liceodeourense.com\/2.0\/wp-content\/uploads\/HOMEMAJE-LUIS-LAMELA-DEZA.jpg 730w, https:\/\/www.liceodeourense.com\/2.0\/wp-content\/uploads\/HOMEMAJE-LUIS-LAMELA-DEZA-300x225.jpg 300w\" sizes=\"auto, (max-width: 722px) 100vw, 722px\" \/><\/a><\/p>\n<h3>Por outra banda un fito hist\u00f3rico como final do Concerto presentouse\u00a0 oficialmente o Himno del Liceo, con\u00a0 letra de Armando Gonz\u00e1lez L\u00f3pez, e composici\u00f3n, armon\u00eda y producci\u00f3n Jos\u00e9 Luis Fern\u00e1ndez Carnicero, \u00e1mbolos dous directivos deste entidade.<\/h3>\n<p><a href=\"https:\/\/www.liceodeourense.com\/2.0\/?attachment_id=13506\" rel=\"attachment wp-att-13506\"><img loading=\"lazy\" decoding=\"async\" class=\"alignleft size-full wp-image-13506\" src=\"https:\/\/www.liceodeourense.com\/2.0\/wp-content\/uploads\/CORAL-LICEO-NADAL-2021-02.jpg\" alt=\"\" width=\"730\" height=\"547\" srcset=\"https:\/\/www.liceodeourense.com\/2.0\/wp-content\/uploads\/CORAL-LICEO-NADAL-2021-02.jpg 730w, https:\/\/www.liceodeourense.com\/2.0\/wp-content\/uploads\/CORAL-LICEO-NADAL-2021-02-300x225.jpg 300w\" sizes=\"auto, (max-width: 730px) 100vw, 730px\" \/><\/a> <a href=\"https:\/\/www.liceodeourense.com\/2.0\/?attachment_id=13507\" rel=\"attachment wp-att-13507\"><img loading=\"lazy\" decoding=\"async\" class=\"alignleft size-full wp-image-13507\" src=\"https:\/\/www.liceodeourense.com\/2.0\/wp-content\/uploads\/CORAL-LICEO-NADAL-2021-06.jpg\" alt=\"\" width=\"730\" height=\"547\" srcset=\"https:\/\/www.liceodeourense.com\/2.0\/wp-content\/uploads\/CORAL-LICEO-NADAL-2021-06.jpg 730w, https:\/\/www.liceodeourense.com\/2.0\/wp-content\/uploads\/CORAL-LICEO-NADAL-2021-06-300x225.jpg 300w\" sizes=\"auto, (max-width: 730px) 100vw, 730px\" \/><\/a><a href=\"https:\/\/www.liceodeourense.com\/2.0\/?attachment_id=13444\" rel=\"attachment wp-att-13444\"><img loading=\"lazy\" decoding=\"async\" class=\"alignleft size-full wp-image-13444\" src=\"https:\/\/www.liceodeourense.com\/2.0\/wp-content\/uploads\/CONCERTO-CORAL-NADAL.jpg\" alt=\"\" width=\"1526\" height=\"2157\" srcset=\"https:\/\/www.liceodeourense.com\/2.0\/wp-content\/uploads\/CONCERTO-CORAL-NADAL.jpg 1526w, https:\/\/www.liceodeourense.com\/2.0\/wp-content\/uploads\/CONCERTO-CORAL-NADAL-212x300.jpg 212w, https:\/\/www.liceodeourense.com\/2.0\/wp-content\/uploads\/CONCERTO-CORAL-NADAL-724x1024.jpg 724w, https:\/\/www.liceodeourense.com\/2.0\/wp-content\/uploads\/CONCERTO-CORAL-NADAL-768x1086.jpg 768w, https:\/\/www.liceodeourense.com\/2.0\/wp-content\/uploads\/CONCERTO-CORAL-NADAL-1087x1536.jpg 1087w, https:\/\/www.liceodeourense.com\/2.0\/wp-content\/uploads\/CONCERTO-CORAL-NADAL-1449x2048.jpg 1449w\" sizes=\"auto, (max-width: 1526px) 100vw, 1526px\" \/><\/a><\/p>\n","protected":false},"excerpt":{"rendered":"<p>Despois de case dou anos sen poder actuar a CORAL DO LICEO ofreceunos o tradicional CONCERTO DE NADAL, con todas as dificultades de cantar con mascarilla, e de tanto tempo se poder ensaiar queremos agradecer a todos e cada un dos coralistas e a nosa directora Yolanda Grela o esforzo e traballo para facer este [&hellip;]<\/p>\n","protected":false},"author":2,"featured_media":0,"comment_status":"open","ping_status":"closed","sticky":false,"template":"","format":"standard","meta":{"footnotes":""},"categories":[5,14],"tags":[],"class_list":["post-13504","post","type-post","status-publish","format-standard","hentry","category-musica","category-musica-coral-liceo"],"_links":{"self":[{"href":"http:\/\/www.liceodeourense.com\/2.0\/index.php?rest_route=\/wp\/v2\/posts\/13504","targetHints":{"allow":["GET"]}}],"collection":[{"href":"http:\/\/www.liceodeourense.com\/2.0\/index.php?rest_route=\/wp\/v2\/posts"}],"about":[{"href":"http:\/\/www.liceodeourense.com\/2.0\/index.php?rest_route=\/wp\/v2\/types\/post"}],"author":[{"embeddable":true,"href":"http:\/\/www.liceodeourense.com\/2.0\/index.php?rest_route=\/wp\/v2\/users\/2"}],"replies":[{"embeddable":true,"href":"http:\/\/www.liceodeourense.com\/2.0\/index.php?rest_route=%2Fwp%2Fv2%2Fcomments&post=13504"}],"version-history":[{"count":1,"href":"http:\/\/www.liceodeourense.com\/2.0\/index.php?rest_route=\/wp\/v2\/posts\/13504\/revisions"}],"predecessor-version":[{"id":13509,"href":"http:\/\/www.liceodeourense.com\/2.0\/index.php?rest_route=\/wp\/v2\/posts\/13504\/revisions\/13509"}],"wp:attachment":[{"href":"http:\/\/www.liceodeourense.com\/2.0\/index.php?rest_route=%2Fwp%2Fv2%2Fmedia&parent=13504"}],"wp:term":[{"taxonomy":"category","embeddable":true,"href":"http:\/\/www.liceodeourense.com\/2.0\/index.php?rest_route=%2Fwp%2Fv2%2Fcategories&post=13504"},{"taxonomy":"post_tag","embeddable":true,"href":"http:\/\/www.liceodeourense.com\/2.0\/index.php?rest_route=%2Fwp%2Fv2%2Ftags&post=13504"}],"curies":[{"name":"wp","href":"https:\/\/api.w.org\/{rel}","templated":true}]}}