{"id":13401,"date":"2021-11-26T23:07:33","date_gmt":"2021-11-26T22:07:33","guid":{"rendered":"https:\/\/www.liceodeourense.com\/2.0\/?p=13401"},"modified":"2021-11-27T19:13:33","modified_gmt":"2021-11-27T18:13:33","slug":"concierto-de-vicky-gastelo-en-el-liceo-un-lujo-para-nuestra-entidad","status":"publish","type":"post","link":"http:\/\/www.liceodeourense.com\/2.0\/?p=13401","title":{"rendered":"CONCIERTO DE VICKY GASTELO EN EL LICEO&#8230; UN LUJO PARA NUESTRA ENTIDAD."},"content":{"rendered":"<h3><a href=\"https:\/\/www.liceodeourense.com\/2.0\/?attachment_id=13402\" rel=\"attachment wp-att-13402\"><img loading=\"lazy\" decoding=\"async\" class=\"alignleft size-full wp-image-13402\" src=\"https:\/\/www.liceodeourense.com\/2.0\/wp-content\/uploads\/VICK-GASTELO-1.jpg\" alt=\"\" width=\"547\" height=\"730\" srcset=\"https:\/\/www.liceodeourense.com\/2.0\/wp-content\/uploads\/VICK-GASTELO-1.jpg 547w, https:\/\/www.liceodeourense.com\/2.0\/wp-content\/uploads\/VICK-GASTELO-1-225x300.jpg 225w\" sizes=\"auto, (max-width: 547px) 100vw, 547px\" \/><\/a><\/h3>\n<h3>En la tarde de hoy en El Liceo de Ourense la cantautora c\u00e1ntabra Vicky Gastelo present\u00f3 sus canciones por primera vez en nuestra ciudad, un extraordinario concierto, un lujo para nuestra entidad poder disftutar de una de las mejores cantautoras\u00a0 de este pa\u00eds. Gracias Vicky por escogernos, esta es t\u00fa casa.. y gracias a todos los que nos quisisteis acompa\u00f1ar.<\/h3>\n<p>&nbsp;<\/p>\n<p><a href=\"https:\/\/www.liceodeourense.com\/2.0\/?attachment_id=13403\" rel=\"attachment wp-att-13403\"><img loading=\"lazy\" decoding=\"async\" class=\"alignleft size-full wp-image-13403\" src=\"https:\/\/www.liceodeourense.com\/2.0\/wp-content\/uploads\/VICK-GASTELO-2.jpg\" alt=\"\" width=\"547\" height=\"730\" srcset=\"https:\/\/www.liceodeourense.com\/2.0\/wp-content\/uploads\/VICK-GASTELO-2.jpg 547w, https:\/\/www.liceodeourense.com\/2.0\/wp-content\/uploads\/VICK-GASTELO-2-225x300.jpg 225w\" sizes=\"auto, (max-width: 547px) 100vw, 547px\" \/><\/a> <a href=\"https:\/\/www.liceodeourense.com\/2.0\/?attachment_id=13407\" rel=\"attachment wp-att-13407\"><img loading=\"lazy\" decoding=\"async\" class=\"alignleft size-full wp-image-13407\" src=\"https:\/\/www.liceodeourense.com\/2.0\/wp-content\/uploads\/VICK-GASTELO-6.jpg\" alt=\"\" width=\"768\" height=\"1024\" srcset=\"https:\/\/www.liceodeourense.com\/2.0\/wp-content\/uploads\/VICK-GASTELO-6.jpg 768w, https:\/\/www.liceodeourense.com\/2.0\/wp-content\/uploads\/VICK-GASTELO-6-225x300.jpg 225w\" sizes=\"auto, (max-width: 768px) 100vw, 768px\" \/><\/a> <a href=\"https:\/\/www.liceodeourense.com\/2.0\/?attachment_id=13406\" rel=\"attachment wp-att-13406\"><img loading=\"lazy\" decoding=\"async\" class=\"alignleft size-full wp-image-13406\" src=\"https:\/\/www.liceodeourense.com\/2.0\/wp-content\/uploads\/VICK-GASTELO-5.jpg\" alt=\"\" width=\"547\" height=\"730\" srcset=\"https:\/\/www.liceodeourense.com\/2.0\/wp-content\/uploads\/VICK-GASTELO-5.jpg 547w, https:\/\/www.liceodeourense.com\/2.0\/wp-content\/uploads\/VICK-GASTELO-5-225x300.jpg 225w\" sizes=\"auto, (max-width: 547px) 100vw, 547px\" \/><\/a> <a href=\"https:\/\/www.liceodeourense.com\/2.0\/?attachment_id=13405\" rel=\"attachment wp-att-13405\"><img loading=\"lazy\" decoding=\"async\" class=\"alignleft size-full wp-image-13405\" src=\"https:\/\/www.liceodeourense.com\/2.0\/wp-content\/uploads\/VICK-GASTELO-4..jpg\" alt=\"\" width=\"730\" height=\"547\" srcset=\"https:\/\/www.liceodeourense.com\/2.0\/wp-content\/uploads\/VICK-GASTELO-4..jpg 730w, https:\/\/www.liceodeourense.com\/2.0\/wp-content\/uploads\/VICK-GASTELO-4.-300x225.jpg 300w\" sizes=\"auto, (max-width: 730px) 100vw, 730px\" \/><\/a> <a href=\"https:\/\/www.liceodeourense.com\/2.0\/?attachment_id=13404\" rel=\"attachment wp-att-13404\"><img loading=\"lazy\" decoding=\"async\" class=\"alignleft size-full wp-image-13404\" src=\"https:\/\/www.liceodeourense.com\/2.0\/wp-content\/uploads\/VICK-GASTELO-3..jpg\" alt=\"\" width=\"547\" height=\"730\" srcset=\"https:\/\/www.liceodeourense.com\/2.0\/wp-content\/uploads\/VICK-GASTELO-3..jpg 547w, https:\/\/www.liceodeourense.com\/2.0\/wp-content\/uploads\/VICK-GASTELO-3.-225x300.jpg 225w\" sizes=\"auto, (max-width: 547px) 100vw, 547px\" \/><\/a><a href=\"https:\/\/www.liceodeourense.com\/2.0\/?attachment_id=13296\" rel=\"attachment wp-att-13296\"><img loading=\"lazy\" decoding=\"async\" class=\"alignleft  wp-image-13296\" src=\"https:\/\/www.liceodeourense.com\/2.0\/wp-content\/uploads\/CARTEL-2.jpg\" alt=\"\" width=\"739\" height=\"739\" srcset=\"https:\/\/www.liceodeourense.com\/2.0\/wp-content\/uploads\/CARTEL-2.jpg 1440w, https:\/\/www.liceodeourense.com\/2.0\/wp-content\/uploads\/CARTEL-2-300x300.jpg 300w, https:\/\/www.liceodeourense.com\/2.0\/wp-content\/uploads\/CARTEL-2-1024x1024.jpg 1024w, https:\/\/www.liceodeourense.com\/2.0\/wp-content\/uploads\/CARTEL-2-150x150.jpg 150w, https:\/\/www.liceodeourense.com\/2.0\/wp-content\/uploads\/CARTEL-2-768x768.jpg 768w\" sizes=\"auto, (max-width: 739px) 100vw, 739px\" \/><\/a><\/p>\n<p>&nbsp;<\/p>\n","protected":false},"excerpt":{"rendered":"<p>En la tarde de hoy en El Liceo de Ourense la cantautora c\u00e1ntabra Vicky Gastelo present\u00f3 sus canciones por primera vez en nuestra ciudad, un extraordinario concierto, un lujo para nuestra entidad poder disftutar de una de las mejores cantautoras\u00a0 de este pa\u00eds. Gracias Vicky por escogernos, esta es t\u00fa casa.. y gracias a todos [&hellip;]<\/p>\n","protected":false},"author":2,"featured_media":0,"comment_status":"open","ping_status":"closed","sticky":false,"template":"","format":"standard","meta":{"footnotes":""},"categories":[5,21],"tags":[],"class_list":["post-13401","post","type-post","status-publish","format-standard","hentry","category-musica","category-musica-concertos-patio-de-columnas"],"_links":{"self":[{"href":"http:\/\/www.liceodeourense.com\/2.0\/index.php?rest_route=\/wp\/v2\/posts\/13401","targetHints":{"allow":["GET"]}}],"collection":[{"href":"http:\/\/www.liceodeourense.com\/2.0\/index.php?rest_route=\/wp\/v2\/posts"}],"about":[{"href":"http:\/\/www.liceodeourense.com\/2.0\/index.php?rest_route=\/wp\/v2\/types\/post"}],"author":[{"embeddable":true,"href":"http:\/\/www.liceodeourense.com\/2.0\/index.php?rest_route=\/wp\/v2\/users\/2"}],"replies":[{"embeddable":true,"href":"http:\/\/www.liceodeourense.com\/2.0\/index.php?rest_route=%2Fwp%2Fv2%2Fcomments&post=13401"}],"version-history":[{"count":1,"href":"http:\/\/www.liceodeourense.com\/2.0\/index.php?rest_route=\/wp\/v2\/posts\/13401\/revisions"}],"predecessor-version":[{"id":13408,"href":"http:\/\/www.liceodeourense.com\/2.0\/index.php?rest_route=\/wp\/v2\/posts\/13401\/revisions\/13408"}],"wp:attachment":[{"href":"http:\/\/www.liceodeourense.com\/2.0\/index.php?rest_route=%2Fwp%2Fv2%2Fmedia&parent=13401"}],"wp:term":[{"taxonomy":"category","embeddable":true,"href":"http:\/\/www.liceodeourense.com\/2.0\/index.php?rest_route=%2Fwp%2Fv2%2Fcategories&post=13401"},{"taxonomy":"post_tag","embeddable":true,"href":"http:\/\/www.liceodeourense.com\/2.0\/index.php?rest_route=%2Fwp%2Fv2%2Ftags&post=13401"}],"curies":[{"name":"wp","href":"https:\/\/api.w.org\/{rel}","templated":true}]}}