{"id":13392,"date":"2021-11-26T09:00:16","date_gmt":"2021-11-26T08:00:16","guid":{"rendered":"https:\/\/www.liceodeourense.com\/2.0\/?p=13392"},"modified":"2021-11-26T12:34:57","modified_gmt":"2021-11-26T11:34:57","slug":"ii-foro-carlos-velo-no-liceo-de-ourense","status":"publish","type":"post","link":"http:\/\/www.liceodeourense.com\/2.0\/?p=13392","title":{"rendered":"II FORO CARLOS VELO, no LICEO DE OURENSE."},"content":{"rendered":"<p>Arrancamos a segunda edici\u00f3n do Foro Carlos Velo no Liceo de Ourense, na primeira sesi\u00f3n proxectouse \u00abLa tierra del chicle\u00bb (1953), documental de Carlos Velo sobre os chicleiros que traballaban na selva mexicana na procura do chicle.<\/p>\n<p>Na segund<a href=\"https:\/\/www.liceodeourense.com\/2.0\/?attachment_id=13398\" rel=\"attachment wp-att-13398\"><img loading=\"lazy\" decoding=\"async\" class=\"alignleft wp-image-13398\" src=\"https:\/\/www.liceodeourense.com\/2.0\/wp-content\/uploads\/FORO-CARLOS-VELO-MANEL-RODRIGUEZ01.jpg\" alt=\"\" width=\"413\" height=\"551\" srcset=\"https:\/\/www.liceodeourense.com\/2.0\/wp-content\/uploads\/FORO-CARLOS-VELO-MANEL-RODRIGUEZ01.jpg 450w, https:\/\/www.liceodeourense.com\/2.0\/wp-content\/uploads\/FORO-CARLOS-VELO-MANEL-RODRIGUEZ01-225x300.jpg 225w\" sizes=\"auto, (max-width: 413px) 100vw, 413px\" \/><\/a>a xornada desta edici\u00f3n a cita xirou arredor do documental \u00abAlmadrabas\u00bb. A proxecci\u00f3n foi presentada polo vicepresidente do Cineclub Padre Feijoo, Manel Rodr\u00edguez, quen tam\u00e9n coordinou o coloquio posterior. Manel Rodr\u00edguez, esquerda, e Armando Gonz\u00e1lez, da Fundaci\u00f3n Carlos Velo e directivo do Liceo de Ourense, na imaxe.<\/p>\n<p>&nbsp;<\/p>\n<p>Margarita Ledo participou na terceira sesi\u00f3n presentando os materiais de \u00abGalicia\u00bb que localizou nun arquivo de Rusia. O presidente do Liceo, Xavier Casares, presentou a actividade e Xos\u00e9 Ram\u00f3n Pousa, decano da Facultade de Ciencias da Informaci\u00f3n e membro da Fundaci\u00f3n Carlos Velo, foi o encargado de presentar \u00e1 catedr\u00e1tica em\u00e9rita da USC.<\/p>\n<p><a href=\"https:\/\/www.liceodeourense.com\/2.0\/?attachment_id=13395\" rel=\"attachment wp-att-13395\"><img loading=\"lazy\" decoding=\"async\" class=\"alignleft wp-image-13395\" src=\"https:\/\/www.liceodeourense.com\/2.0\/wp-content\/uploads\/FORO-CARLOS-VELO-MARGARITA-LEDO01.jpg\" alt=\"\" width=\"327\" height=\"246\" srcset=\"https:\/\/www.liceodeourense.com\/2.0\/wp-content\/uploads\/FORO-CARLOS-VELO-MARGARITA-LEDO01.jpg 600w, https:\/\/www.liceodeourense.com\/2.0\/wp-content\/uploads\/FORO-CARLOS-VELO-MARGARITA-LEDO01-300x225.jpg 300w\" sizes=\"auto, (max-width: 327px) 100vw, 327px\" \/><\/a> <a href=\"https:\/\/www.liceodeourense.com\/2.0\/?attachment_id=13396\" rel=\"attachment wp-att-13396\"><img loading=\"lazy\" decoding=\"async\" class=\"alignleft wp-image-13396\" src=\"https:\/\/www.liceodeourense.com\/2.0\/wp-content\/uploads\/FORO-CARLOS-VELO-MARGARITA-LEDO02.jpg\" alt=\"\" width=\"389\" height=\"292\" srcset=\"https:\/\/www.liceodeourense.com\/2.0\/wp-content\/uploads\/FORO-CARLOS-VELO-MARGARITA-LEDO02.jpg 2048w, https:\/\/www.liceodeourense.com\/2.0\/wp-content\/uploads\/FORO-CARLOS-VELO-MARGARITA-LEDO02-300x225.jpg 300w, https:\/\/www.liceodeourense.com\/2.0\/wp-content\/uploads\/FORO-CARLOS-VELO-MARGARITA-LEDO02-1024x768.jpg 1024w, https:\/\/www.liceodeourense.com\/2.0\/wp-content\/uploads\/FORO-CARLOS-VELO-MARGARITA-LEDO02-768x576.jpg 768w, https:\/\/www.liceodeourense.com\/2.0\/wp-content\/uploads\/FORO-CARLOS-VELO-MARGARITA-LEDO02-1536x1152.jpg 1536w\" sizes=\"auto, (max-width: 389px) 100vw, 389px\" \/><\/a><\/p>\n<p>&nbsp;<\/p>\n<p>&nbsp;<\/p>\n<p>&nbsp;<\/p>\n<p>Clausuramos este segundo Foro Carlos Velo coa presenza da presidenta de honra da Fundaci\u00f3n Carlos Velo para rematar os encontros no Liceo de Ourense. Laura G\u00e1rdos Velo presentou o seu traballo documental \u00abEntre dos banderas\u00bb. A directora foi presentada por Armando Gonz\u00e1lez, membro da Fundaci\u00f3n e directivo do Liceo.<\/p>\n<p><a href=\"https:\/\/www.liceodeourense.com\/2.0\/?attachment_id=13393\" rel=\"attachment wp-att-13393\"><img loading=\"lazy\" decoding=\"async\" class=\"alignleft wp-image-13393\" src=\"https:\/\/www.liceodeourense.com\/2.0\/wp-content\/uploads\/FORO-CARLOS-VELO-LAURA-2.jpg\" alt=\"\" width=\"326\" height=\"435\" srcset=\"https:\/\/www.liceodeourense.com\/2.0\/wp-content\/uploads\/FORO-CARLOS-VELO-LAURA-2.jpg 1368w, https:\/\/www.liceodeourense.com\/2.0\/wp-content\/uploads\/FORO-CARLOS-VELO-LAURA-2-225x300.jpg 225w, https:\/\/www.liceodeourense.com\/2.0\/wp-content\/uploads\/FORO-CARLOS-VELO-LAURA-2-768x1024.jpg 768w, https:\/\/www.liceodeourense.com\/2.0\/wp-content\/uploads\/FORO-CARLOS-VELO-LAURA-2-1152x1536.jpg 1152w\" sizes=\"auto, (max-width: 326px) 100vw, 326px\" \/><\/a> <a href=\"https:\/\/www.liceodeourense.com\/2.0\/?attachment_id=13394\" rel=\"attachment wp-att-13394\"><img loading=\"lazy\" decoding=\"async\" class=\"alignleft wp-image-13394\" src=\"https:\/\/www.liceodeourense.com\/2.0\/wp-content\/uploads\/FORO-CARLOS-VELO-LAURA.jpg\" alt=\"\" width=\"331\" height=\"442\" srcset=\"https:\/\/www.liceodeourense.com\/2.0\/wp-content\/uploads\/FORO-CARLOS-VELO-LAURA.jpg 720w, https:\/\/www.liceodeourense.com\/2.0\/wp-content\/uploads\/FORO-CARLOS-VELO-LAURA-225x300.jpg 225w\" sizes=\"auto, (max-width: 331px) 100vw, 331px\" \/><\/a><a href=\"https:\/\/www.liceodeourense.com\/2.0\/?attachment_id=13350\" rel=\"attachment wp-att-13350\"><img loading=\"lazy\" decoding=\"async\" class=\"alignleft  wp-image-13350\" src=\"https:\/\/www.liceodeourense.com\/2.0\/wp-content\/uploads\/II-FORO-CARLOS-VELO.jpg\" alt=\"\" width=\"763\" height=\"755\" srcset=\"https:\/\/www.liceodeourense.com\/2.0\/wp-content\/uploads\/II-FORO-CARLOS-VELO.jpg 752w, https:\/\/www.liceodeourense.com\/2.0\/wp-content\/uploads\/II-FORO-CARLOS-VELO-300x297.jpg 300w\" sizes=\"auto, (max-width: 763px) 100vw, 763px\" \/><\/a><\/p>\n","protected":false},"excerpt":{"rendered":"<p>Arrancamos a segunda edici\u00f3n do Foro Carlos Velo no Liceo de Ourense, na primeira sesi\u00f3n proxectouse \u00abLa tierra del chicle\u00bb (1953), documental de Carlos Velo sobre os chicleiros que traballaban na selva mexicana na procura do chicle. Na segunda xornada desta edici\u00f3n a cita xirou arredor do documental \u00abAlmadrabas\u00bb. A proxecci\u00f3n foi presentada polo vicepresidente [&hellip;]<\/p>\n","protected":false},"author":2,"featured_media":0,"comment_status":"open","ping_status":"closed","sticky":false,"template":"","format":"standard","meta":{"footnotes":""},"categories":[22,43,1,9],"tags":[],"class_list":["post-13392","post","type-post","status-publish","format-standard","hentry","category-coloquios-e-sociedade-ourensa","category-conferencias","category-sin-categoria","category-varios"],"_links":{"self":[{"href":"http:\/\/www.liceodeourense.com\/2.0\/index.php?rest_route=\/wp\/v2\/posts\/13392","targetHints":{"allow":["GET"]}}],"collection":[{"href":"http:\/\/www.liceodeourense.com\/2.0\/index.php?rest_route=\/wp\/v2\/posts"}],"about":[{"href":"http:\/\/www.liceodeourense.com\/2.0\/index.php?rest_route=\/wp\/v2\/types\/post"}],"author":[{"embeddable":true,"href":"http:\/\/www.liceodeourense.com\/2.0\/index.php?rest_route=\/wp\/v2\/users\/2"}],"replies":[{"embeddable":true,"href":"http:\/\/www.liceodeourense.com\/2.0\/index.php?rest_route=%2Fwp%2Fv2%2Fcomments&post=13392"}],"version-history":[{"count":3,"href":"http:\/\/www.liceodeourense.com\/2.0\/index.php?rest_route=\/wp\/v2\/posts\/13392\/revisions"}],"predecessor-version":[{"id":13400,"href":"http:\/\/www.liceodeourense.com\/2.0\/index.php?rest_route=\/wp\/v2\/posts\/13392\/revisions\/13400"}],"wp:attachment":[{"href":"http:\/\/www.liceodeourense.com\/2.0\/index.php?rest_route=%2Fwp%2Fv2%2Fmedia&parent=13392"}],"wp:term":[{"taxonomy":"category","embeddable":true,"href":"http:\/\/www.liceodeourense.com\/2.0\/index.php?rest_route=%2Fwp%2Fv2%2Fcategories&post=13392"},{"taxonomy":"post_tag","embeddable":true,"href":"http:\/\/www.liceodeourense.com\/2.0\/index.php?rest_route=%2Fwp%2Fv2%2Ftags&post=13392"}],"curies":[{"name":"wp","href":"https:\/\/api.w.org\/{rel}","templated":true}]}}