{"id":13132,"date":"2021-09-26T13:19:48","date_gmt":"2021-09-26T12:19:48","guid":{"rendered":"https:\/\/www.liceodeourense.com\/2.0\/?p=13132"},"modified":"2021-09-27T09:31:01","modified_gmt":"2021-09-27T08:31:01","slug":"teatro-sarabela-o-secuestro-da-bibliotecaria","status":"publish","type":"post","link":"http:\/\/www.liceodeourense.com\/2.0\/?p=13132","title":{"rendered":"TEATRO SARABELA \u00abO SECUESTRO DA BIBLIOTECARIA\u00bb."},"content":{"rendered":"<h3><a href=\"https:\/\/www.liceodeourense.com\/2.0\/?attachment_id=13134\" rel=\"attachment wp-att-13134\"><img loading=\"lazy\" decoding=\"async\" class=\"alignleft  wp-image-13134\" src=\"https:\/\/www.liceodeourense.com\/2.0\/wp-content\/uploads\/SARABELA-02.jpg\" alt=\"\" width=\"477\" height=\"358\" srcset=\"https:\/\/www.liceodeourense.com\/2.0\/wp-content\/uploads\/SARABELA-02.jpg 912w, https:\/\/www.liceodeourense.com\/2.0\/wp-content\/uploads\/SARABELA-02-300x225.jpg 300w, https:\/\/www.liceodeourense.com\/2.0\/wp-content\/uploads\/SARABELA-02-768x576.jpg 768w\" sizes=\"auto, (max-width: 477px) 100vw, 477px\" \/><\/a><\/h3>\n<h3>Proseguindo coa programaci\u00f3n do proxecto cultural \u00abOURENSE UNIVERSO LITERARIO (DE OURENSE E DENDE OURENSE PARA O MUNDO\u00bb, o amparo do da segunda convocatoria para presentar creaci\u00f3ns culturais, bens ou servizos de consideraci\u00f3n an\u00e1loga, coa finalidade de incrementar os contidos creativos de interese cultural e ling\u00fc\u00edsticos do denominado Fondo de proxectos culturais en lingua galega Xacobeo 2021, da Conseller\u00eda de Cultura e Turismo, Secretar\u00eda Xeral de Pol\u00edtica Ling\u00fcistica, da Xunta de Galicia\u00bb.<\/h3>\n<h3>Na ma\u00f1\u00e1 de hoxe foi o turno para o Teatro \u00bb O Secuestro da Bibliotecaria\u00bb a cargo da compa\u00f1ia SARABELA.<\/h3>\n<h3>\u00c9 unha peripecia divertida e refrescante que aposta polos valores da solidariedade e o amor \u00e1 literatura. A se\u00f1orita Ernestina, a bibliotecaria da vila de Parang\u00f3n, \u00e9 secuestrada por unha banda moi peculiar. Os seus plans veranse truncados polo contaxio da varicela (con grans non asustan a ningu\u00e9n), e a entrada da literatura na s\u00faa vida far\u00e1 que vaian cambiando de prop\u00f3sitos. A cultura como valor fundamental para todas as idades, as pequenas e pequenos desfrutando cos seus acompa\u00f1antes (recomendada a partir de 6 anos). Un espazo como o Liceo, centro de actividade cultural, para amosar unha obra teatral que apela ao valor da literatura para transformar \u00e1s persoas.<\/h3>\n<h3>O Sal\u00f3n Noble colgou o cartel de \u00abaforo completo\u00bb disfrutou coma \u00abnenos\u00bb deste espect\u00e1culo, moitas gracias Sarabela Teatro.<\/h3>\n<p><a href=\"https:\/\/www.liceodeourense.com\/2.0\/?attachment_id=13133\" rel=\"attachment wp-att-13133\"><img loading=\"lazy\" decoding=\"async\" class=\"alignleft  wp-image-13133\" src=\"https:\/\/www.liceodeourense.com\/2.0\/wp-content\/uploads\/SARABELA-01.jpg\" alt=\"\" width=\"763\" height=\"573\" srcset=\"https:\/\/www.liceodeourense.com\/2.0\/wp-content\/uploads\/SARABELA-01.jpg 912w, https:\/\/www.liceodeourense.com\/2.0\/wp-content\/uploads\/SARABELA-01-300x225.jpg 300w, https:\/\/www.liceodeourense.com\/2.0\/wp-content\/uploads\/SARABELA-01-768x576.jpg 768w\" sizes=\"auto, (max-width: 763px) 100vw, 763px\" \/><\/a><a href=\"https:\/\/www.liceodeourense.com\/2.0\/?attachment_id=13079\" rel=\"attachment wp-att-13079\"><img loading=\"lazy\" decoding=\"async\" class=\"alignleft  wp-image-13079\" src=\"https:\/\/www.liceodeourense.com\/2.0\/wp-content\/uploads\/CARTEL-INVIDUAL-SARABELA.jpg\" alt=\"\" width=\"762\" height=\"1076\" srcset=\"https:\/\/www.liceodeourense.com\/2.0\/wp-content\/uploads\/CARTEL-INVIDUAL-SARABELA.jpg 1684w, https:\/\/www.liceodeourense.com\/2.0\/wp-content\/uploads\/CARTEL-INVIDUAL-SARABELA-212x300.jpg 212w, https:\/\/www.liceodeourense.com\/2.0\/wp-content\/uploads\/CARTEL-INVIDUAL-SARABELA-725x1024.jpg 725w, https:\/\/www.liceodeourense.com\/2.0\/wp-content\/uploads\/CARTEL-INVIDUAL-SARABELA-768x1085.jpg 768w, https:\/\/www.liceodeourense.com\/2.0\/wp-content\/uploads\/CARTEL-INVIDUAL-SARABELA-1087x1536.jpg 1087w, https:\/\/www.liceodeourense.com\/2.0\/wp-content\/uploads\/CARTEL-INVIDUAL-SARABELA-1449x2048.jpg 1449w\" sizes=\"auto, (max-width: 762px) 100vw, 762px\" \/><\/a><\/p>\n","protected":false},"excerpt":{"rendered":"<p>Proseguindo coa programaci\u00f3n do proxecto cultural \u00abOURENSE UNIVERSO LITERARIO (DE OURENSE E DENDE OURENSE PARA O MUNDO\u00bb, o amparo do da segunda convocatoria para presentar creaci\u00f3ns culturais, bens ou servizos de consideraci\u00f3n an\u00e1loga, coa finalidade de incrementar os contidos creativos de interese cultural e ling\u00fc\u00edsticos do denominado Fondo de proxectos culturais en lingua galega Xacobeo [&hellip;]<\/p>\n","protected":false},"author":2,"featured_media":0,"comment_status":"open","ping_status":"closed","sticky":false,"template":"","format":"standard","meta":{"footnotes":""},"categories":[47],"tags":[],"class_list":["post-13132","post","type-post","status-publish","format-standard","hentry","category-teatro"],"_links":{"self":[{"href":"http:\/\/www.liceodeourense.com\/2.0\/index.php?rest_route=\/wp\/v2\/posts\/13132","targetHints":{"allow":["GET"]}}],"collection":[{"href":"http:\/\/www.liceodeourense.com\/2.0\/index.php?rest_route=\/wp\/v2\/posts"}],"about":[{"href":"http:\/\/www.liceodeourense.com\/2.0\/index.php?rest_route=\/wp\/v2\/types\/post"}],"author":[{"embeddable":true,"href":"http:\/\/www.liceodeourense.com\/2.0\/index.php?rest_route=\/wp\/v2\/users\/2"}],"replies":[{"embeddable":true,"href":"http:\/\/www.liceodeourense.com\/2.0\/index.php?rest_route=%2Fwp%2Fv2%2Fcomments&post=13132"}],"version-history":[{"count":1,"href":"http:\/\/www.liceodeourense.com\/2.0\/index.php?rest_route=\/wp\/v2\/posts\/13132\/revisions"}],"predecessor-version":[{"id":13135,"href":"http:\/\/www.liceodeourense.com\/2.0\/index.php?rest_route=\/wp\/v2\/posts\/13132\/revisions\/13135"}],"wp:attachment":[{"href":"http:\/\/www.liceodeourense.com\/2.0\/index.php?rest_route=%2Fwp%2Fv2%2Fmedia&parent=13132"}],"wp:term":[{"taxonomy":"category","embeddable":true,"href":"http:\/\/www.liceodeourense.com\/2.0\/index.php?rest_route=%2Fwp%2Fv2%2Fcategories&post=13132"},{"taxonomy":"post_tag","embeddable":true,"href":"http:\/\/www.liceodeourense.com\/2.0\/index.php?rest_route=%2Fwp%2Fv2%2Ftags&post=13132"}],"curies":[{"name":"wp","href":"https:\/\/api.w.org\/{rel}","templated":true}]}}