{"id":13123,"date":"2021-09-25T23:01:41","date_gmt":"2021-09-25T22:01:41","guid":{"rendered":"https:\/\/www.liceodeourense.com\/2.0\/?p=13123"},"modified":"2021-09-27T09:17:50","modified_gmt":"2021-09-27T08:17:50","slug":"extaordinario-concerto-de-emilio-rua","status":"publish","type":"post","link":"http:\/\/www.liceodeourense.com\/2.0\/?p=13123","title":{"rendered":"Extaordinario Concerto de EMILIO RUA"},"content":{"rendered":"<h3><a href=\"https:\/\/www.liceodeourense.com\/2.0\/?attachment_id=13126\" rel=\"attachment wp-att-13126\"><img loading=\"lazy\" decoding=\"async\" class=\"alignleft  wp-image-13126\" src=\"https:\/\/www.liceodeourense.com\/2.0\/wp-content\/uploads\/EMILIO-RUA-03.jpg\" alt=\"\" width=\"522\" height=\"392\" srcset=\"https:\/\/www.liceodeourense.com\/2.0\/wp-content\/uploads\/EMILIO-RUA-03.jpg 1200w, https:\/\/www.liceodeourense.com\/2.0\/wp-content\/uploads\/EMILIO-RUA-03-300x225.jpg 300w, https:\/\/www.liceodeourense.com\/2.0\/wp-content\/uploads\/EMILIO-RUA-03-1024x768.jpg 1024w, https:\/\/www.liceodeourense.com\/2.0\/wp-content\/uploads\/EMILIO-RUA-03-768x576.jpg 768w\" sizes=\"auto, (max-width: 522px) 100vw, 522px\" \/><\/a><\/h3>\n<h3>Continuamos hoxe coa programaci\u00f3n do proxecto cultural \u00abOURENSE UNIVERSO LITERARIO (DE OURENSE E DENDE OURENSE PARA O MUNDO\u00bb, o amparo do da segunda convocatoria para presentar creaci\u00f3ns culturais, bens ou servizos de consideraci\u00f3n an\u00e1loga, coa finalidade de incrementar os contidos creativos de interese cultural e ling\u00fc\u00edsticos do denominado Fondo de proxectos culturais en lingua galega Xacobeo 2021, da Conseller\u00eda de Cultura e Turismo, Secretar\u00eda Xeral de Pol\u00edtica Ling\u00fcistica, da Xunta de Galicia\u00bb.<\/h3>\n<h3>Nesta ocasi\u00f3n fo co cantautor Emilio R\u00faa co t\u00edtulo \u00abA canci\u00f3n de autor de Ourense\u00bb. Un extraordinario concerto, no que R\u00faa\u00a0 repasou os seus\u00a021 anos na carreira discogr\u00e1fica dende o ano 2000 con 11 discos dan para m\u00e1is de 150 creaci\u00f3ns, canci\u00f3ns propias. A m\u00fasica e a creaci\u00f3n de Ourense conta cun dos maiores persoeiros da canci\u00f3n de autor. \u00c9 moi importante para o eido cultural e art\u00edstico da provincia a creaci\u00f3n de novas canci\u00f3ns e composici\u00f3ns.<br \/>\nUn espect\u00e1culo \u00edntimo\u00a0 co apio nunha posta en escena diferente con recitado,\u00a0 narraci\u00f3n dalgunha das canci\u00f3ns<br \/>\nA canci\u00f3n de autor viva na guitarra e na voz de Emilio R\u00faa que as\u00ed mesmo se espalla por todo o mundo dentro e f\u00f3ra da provincia compartindo escenario con grandes artistas como V\u00edctor Manuel ou Pablo Milan\u00e9s e chegando en varias ocasi\u00f3ns \u00e1 R\u00edo de Janeiro, Santos, Bos Aires, San Fe, Rosario, Santiago de Chile, Valpara\u00edso, Londres, Leeds, etc. De Ourense ao mundo.<\/h3>\n<h3>Moitas gracias Emilio polo teu traballo e pola t\u00faa sensibilidade.<\/h3>\n<p><a href=\"https:\/\/www.liceodeourense.com\/2.0\/?attachment_id=13124\" rel=\"attachment wp-att-13124\"><img loading=\"lazy\" decoding=\"async\" class=\"alignleft size-full wp-image-13124\" src=\"https:\/\/www.liceodeourense.com\/2.0\/wp-content\/uploads\/EMILIO-RUA-01.jpg\" alt=\"\" width=\"1000\" height=\"750\" srcset=\"https:\/\/www.liceodeourense.com\/2.0\/wp-content\/uploads\/EMILIO-RUA-01.jpg 1000w, https:\/\/www.liceodeourense.com\/2.0\/wp-content\/uploads\/EMILIO-RUA-01-300x225.jpg 300w, https:\/\/www.liceodeourense.com\/2.0\/wp-content\/uploads\/EMILIO-RUA-01-768x576.jpg 768w\" sizes=\"auto, (max-width: 1000px) 100vw, 1000px\" \/><\/a> <a href=\"https:\/\/www.liceodeourense.com\/2.0\/?attachment_id=13125\" rel=\"attachment wp-att-13125\"><img loading=\"lazy\" decoding=\"async\" class=\"alignleft size-full wp-image-13125\" src=\"https:\/\/www.liceodeourense.com\/2.0\/wp-content\/uploads\/EMILIO-RUA-02.jpg\" alt=\"\" width=\"1000\" height=\"750\" srcset=\"https:\/\/www.liceodeourense.com\/2.0\/wp-content\/uploads\/EMILIO-RUA-02.jpg 1000w, https:\/\/www.liceodeourense.com\/2.0\/wp-content\/uploads\/EMILIO-RUA-02-300x225.jpg 300w, https:\/\/www.liceodeourense.com\/2.0\/wp-content\/uploads\/EMILIO-RUA-02-768x576.jpg 768w\" sizes=\"auto, (max-width: 1000px) 100vw, 1000px\" \/><\/a> <a href=\"https:\/\/www.liceodeourense.com\/2.0\/?attachment_id=13127\" rel=\"attachment wp-att-13127\"><img loading=\"lazy\" decoding=\"async\" class=\"alignleft size-full wp-image-13127\" src=\"https:\/\/www.liceodeourense.com\/2.0\/wp-content\/uploads\/EMILIO-RUA-04.jpg\" alt=\"\" width=\"1000\" height=\"750\" srcset=\"https:\/\/www.liceodeourense.com\/2.0\/wp-content\/uploads\/EMILIO-RUA-04.jpg 1000w, https:\/\/www.liceodeourense.com\/2.0\/wp-content\/uploads\/EMILIO-RUA-04-300x225.jpg 300w, https:\/\/www.liceodeourense.com\/2.0\/wp-content\/uploads\/EMILIO-RUA-04-768x576.jpg 768w\" sizes=\"auto, (max-width: 1000px) 100vw, 1000px\" \/><\/a> <a href=\"https:\/\/www.liceodeourense.com\/2.0\/?attachment_id=13128\" rel=\"attachment wp-att-13128\"><img loading=\"lazy\" decoding=\"async\" class=\"alignleft size-full wp-image-13128\" src=\"https:\/\/www.liceodeourense.com\/2.0\/wp-content\/uploads\/EMILIO-RUA-05.jpg\" alt=\"\" width=\"596\" height=\"750\" srcset=\"https:\/\/www.liceodeourense.com\/2.0\/wp-content\/uploads\/EMILIO-RUA-05.jpg 596w, https:\/\/www.liceodeourense.com\/2.0\/wp-content\/uploads\/EMILIO-RUA-05-238x300.jpg 238w\" sizes=\"auto, (max-width: 596px) 100vw, 596px\" \/><\/a><a href=\"https:\/\/www.liceodeourense.com\/2.0\/?attachment_id=13078\" rel=\"attachment wp-att-13078\"><img loading=\"lazy\" decoding=\"async\" class=\"alignleft  wp-image-13078\" src=\"https:\/\/www.liceodeourense.com\/2.0\/wp-content\/uploads\/CARTEL-INVIDUAL-EMILIO-RUA.jpg\" alt=\"\" width=\"706\" height=\"998\" srcset=\"https:\/\/www.liceodeourense.com\/2.0\/wp-content\/uploads\/CARTEL-INVIDUAL-EMILIO-RUA.jpg 706w, https:\/\/www.liceodeourense.com\/2.0\/wp-content\/uploads\/CARTEL-INVIDUAL-EMILIO-RUA-212x300.jpg 212w\" sizes=\"auto, (max-width: 706px) 100vw, 706px\" \/><\/a><\/p>\n<p>&nbsp;<\/p>\n","protected":false},"excerpt":{"rendered":"<p>Continuamos hoxe coa programaci\u00f3n do proxecto cultural \u00abOURENSE UNIVERSO LITERARIO (DE OURENSE E DENDE OURENSE PARA O MUNDO\u00bb, o amparo do da segunda convocatoria para presentar creaci\u00f3ns culturais, bens ou servizos de consideraci\u00f3n an\u00e1loga, coa finalidade de incrementar os contidos creativos de interese cultural e ling\u00fc\u00edsticos do denominado Fondo de proxectos culturais en lingua galega [&hellip;]<\/p>\n","protected":false},"author":2,"featured_media":0,"comment_status":"open","ping_status":"closed","sticky":false,"template":"","format":"standard","meta":{"footnotes":""},"categories":[5],"tags":[],"class_list":["post-13123","post","type-post","status-publish","format-standard","hentry","category-musica"],"_links":{"self":[{"href":"http:\/\/www.liceodeourense.com\/2.0\/index.php?rest_route=\/wp\/v2\/posts\/13123","targetHints":{"allow":["GET"]}}],"collection":[{"href":"http:\/\/www.liceodeourense.com\/2.0\/index.php?rest_route=\/wp\/v2\/posts"}],"about":[{"href":"http:\/\/www.liceodeourense.com\/2.0\/index.php?rest_route=\/wp\/v2\/types\/post"}],"author":[{"embeddable":true,"href":"http:\/\/www.liceodeourense.com\/2.0\/index.php?rest_route=\/wp\/v2\/users\/2"}],"replies":[{"embeddable":true,"href":"http:\/\/www.liceodeourense.com\/2.0\/index.php?rest_route=%2Fwp%2Fv2%2Fcomments&post=13123"}],"version-history":[{"count":1,"href":"http:\/\/www.liceodeourense.com\/2.0\/index.php?rest_route=\/wp\/v2\/posts\/13123\/revisions"}],"predecessor-version":[{"id":13129,"href":"http:\/\/www.liceodeourense.com\/2.0\/index.php?rest_route=\/wp\/v2\/posts\/13123\/revisions\/13129"}],"wp:attachment":[{"href":"http:\/\/www.liceodeourense.com\/2.0\/index.php?rest_route=%2Fwp%2Fv2%2Fmedia&parent=13123"}],"wp:term":[{"taxonomy":"category","embeddable":true,"href":"http:\/\/www.liceodeourense.com\/2.0\/index.php?rest_route=%2Fwp%2Fv2%2Fcategories&post=13123"},{"taxonomy":"post_tag","embeddable":true,"href":"http:\/\/www.liceodeourense.com\/2.0\/index.php?rest_route=%2Fwp%2Fv2%2Ftags&post=13123"}],"curies":[{"name":"wp","href":"https:\/\/api.w.org\/{rel}","templated":true}]}}