{"id":13089,"date":"2021-09-17T23:07:45","date_gmt":"2021-09-17T22:07:45","guid":{"rendered":"https:\/\/www.liceodeourense.com\/2.0\/?p=13089"},"modified":"2021-09-20T10:18:51","modified_gmt":"2021-09-20T09:18:51","slug":"extraordinario-concerto-de-los-hermanos-walker-en-el-liceo","status":"publish","type":"post","link":"http:\/\/www.liceodeourense.com\/2.0\/?p=13089","title":{"rendered":"EXTRAORDINARIO CONCERTO DE LOS HERMANOS WALKER EN EL LICEO&#8230;"},"content":{"rendered":"<h3><a href=\"https:\/\/www.liceodeourense.com\/2.0\/?attachment_id=13090\" rel=\"attachment wp-att-13090\"><img loading=\"lazy\" decoding=\"async\" class=\"alignleft size-full wp-image-13090\" src=\"https:\/\/www.liceodeourense.com\/2.0\/wp-content\/uploads\/HERMANOS-WALKER_01.jpg\" alt=\"\" width=\"730\" height=\"547\" srcset=\"https:\/\/www.liceodeourense.com\/2.0\/wp-content\/uploads\/HERMANOS-WALKER_01.jpg 730w, https:\/\/www.liceodeourense.com\/2.0\/wp-content\/uploads\/HERMANOS-WALKER_01-300x225.jpg 300w\" sizes=\"auto, (max-width: 730px) 100vw, 730px\" \/><\/a><\/h3>\n<h3><strong>Lujo de concierto de \u00a0<a class=\"oajrlxb2 g5ia77u1 qu0x051f esr5mh6w e9989ue4 r7d6kgcz rq0escxv nhd2j8a9 nc684nl6 p7hjln8o kvgmc6g5 cxmmr5t8 oygrvhab hcukyx3x jb3vyjys rz4wbd8a qt6c0cv9 a8nywdso i1ao9s8h esuyzwwr f1sip0of lzcic4wl oo9gr5id gpro0wi8 lrazzd5p\" tabindex=\"0\" role=\"link\" href=\"https:\/\/www.facebook.com\/mino.areandarriba?__tn__=-]C*F\"><span class=\"nc684nl6\">Maximino Antonioni<\/span><\/a> y Rub\u00e9n de Mart\u00edn esta tarde en El Liceo, en un formato d\u00fao de guitarra, ukelele, percursi\u00f3n y voces, ofrecieron un extraordinario repertorio de m\u00fasica de los a\u00f1os 80 y 90 con versiones y canciones propias. Adem\u00e1s contaron con la participaci\u00f3n del guitarrista Juan Carrizo. Un lujo con el que iniciamos la temporada de conciertos y actividades. Gracias Mino, Rub\u00e9n y Juan, seguro que nos volvermos a encontar en el escenario del Sal\u00f3n Noble del Liceo.<\/strong><\/h3>\n<p>&nbsp;<\/p>\n<p><a href=\"https:\/\/www.liceodeourense.com\/2.0\/?attachment_id=13095\" rel=\"attachment wp-att-13095\"><img loading=\"lazy\" decoding=\"async\" class=\"alignleft size-full wp-image-13095\" src=\"https:\/\/www.liceodeourense.com\/2.0\/wp-content\/uploads\/HERMANOS-WALKER_06.jpg\" alt=\"\" width=\"547\" height=\"730\" srcset=\"https:\/\/www.liceodeourense.com\/2.0\/wp-content\/uploads\/HERMANOS-WALKER_06.jpg 547w, https:\/\/www.liceodeourense.com\/2.0\/wp-content\/uploads\/HERMANOS-WALKER_06-225x300.jpg 225w\" sizes=\"auto, (max-width: 547px) 100vw, 547px\" \/><\/a> <a href=\"https:\/\/www.liceodeourense.com\/2.0\/?attachment_id=13094\" rel=\"attachment wp-att-13094\"><img loading=\"lazy\" decoding=\"async\" class=\"alignleft size-full wp-image-13094\" src=\"https:\/\/www.liceodeourense.com\/2.0\/wp-content\/uploads\/HERMANOS-WALKER_05.jpg\" alt=\"\" width=\"547\" height=\"730\" srcset=\"https:\/\/www.liceodeourense.com\/2.0\/wp-content\/uploads\/HERMANOS-WALKER_05.jpg 547w, https:\/\/www.liceodeourense.com\/2.0\/wp-content\/uploads\/HERMANOS-WALKER_05-225x300.jpg 225w\" sizes=\"auto, (max-width: 547px) 100vw, 547px\" \/><\/a> <a href=\"https:\/\/www.liceodeourense.com\/2.0\/?attachment_id=13093\" rel=\"attachment wp-att-13093\"><img loading=\"lazy\" decoding=\"async\" class=\"alignleft size-full wp-image-13093\" src=\"https:\/\/www.liceodeourense.com\/2.0\/wp-content\/uploads\/HERMANOS-WALKER_04.jpg\" alt=\"\" width=\"547\" height=\"730\" srcset=\"https:\/\/www.liceodeourense.com\/2.0\/wp-content\/uploads\/HERMANOS-WALKER_04.jpg 547w, https:\/\/www.liceodeourense.com\/2.0\/wp-content\/uploads\/HERMANOS-WALKER_04-225x300.jpg 225w\" sizes=\"auto, (max-width: 547px) 100vw, 547px\" \/><\/a> <a href=\"https:\/\/www.liceodeourense.com\/2.0\/?attachment_id=13092\" rel=\"attachment wp-att-13092\"><img loading=\"lazy\" decoding=\"async\" class=\"alignleft size-full wp-image-13092\" src=\"https:\/\/www.liceodeourense.com\/2.0\/wp-content\/uploads\/HERMANOS-WALKER_03.jpg\" alt=\"\" width=\"547\" height=\"730\" srcset=\"https:\/\/www.liceodeourense.com\/2.0\/wp-content\/uploads\/HERMANOS-WALKER_03.jpg 547w, https:\/\/www.liceodeourense.com\/2.0\/wp-content\/uploads\/HERMANOS-WALKER_03-225x300.jpg 225w\" sizes=\"auto, (max-width: 547px) 100vw, 547px\" \/><\/a> <a href=\"https:\/\/www.liceodeourense.com\/2.0\/?attachment_id=13091\" rel=\"attachment wp-att-13091\"><img loading=\"lazy\" decoding=\"async\" class=\"alignleft size-full wp-image-13091\" src=\"https:\/\/www.liceodeourense.com\/2.0\/wp-content\/uploads\/HERMANOS-WALKER_02.jpg\" alt=\"\" width=\"730\" height=\"547\" srcset=\"https:\/\/www.liceodeourense.com\/2.0\/wp-content\/uploads\/HERMANOS-WALKER_02.jpg 730w, https:\/\/www.liceodeourense.com\/2.0\/wp-content\/uploads\/HERMANOS-WALKER_02-300x225.jpg 300w\" sizes=\"auto, (max-width: 730px) 100vw, 730px\" \/><\/a><a href=\"https:\/\/www.liceodeourense.com\/2.0\/?attachment_id=13060\" rel=\"attachment wp-att-13060\"><img loading=\"lazy\" decoding=\"async\" class=\"alignleft  wp-image-13060\" src=\"https:\/\/www.liceodeourense.com\/2.0\/wp-content\/uploads\/CONCIERTO-HNOS.-WALKER-scaled.jpg\" alt=\"\" width=\"738\" height=\"1043\" srcset=\"https:\/\/www.liceodeourense.com\/2.0\/wp-content\/uploads\/CONCIERTO-HNOS.-WALKER-scaled.jpg 1811w, https:\/\/www.liceodeourense.com\/2.0\/wp-content\/uploads\/CONCIERTO-HNOS.-WALKER-212x300.jpg 212w, https:\/\/www.liceodeourense.com\/2.0\/wp-content\/uploads\/CONCIERTO-HNOS.-WALKER-724x1024.jpg 724w, https:\/\/www.liceodeourense.com\/2.0\/wp-content\/uploads\/CONCIERTO-HNOS.-WALKER-768x1086.jpg 768w, https:\/\/www.liceodeourense.com\/2.0\/wp-content\/uploads\/CONCIERTO-HNOS.-WALKER-1086x1536.jpg 1086w, https:\/\/www.liceodeourense.com\/2.0\/wp-content\/uploads\/CONCIERTO-HNOS.-WALKER-1448x2048.jpg 1448w\" sizes=\"auto, (max-width: 738px) 100vw, 738px\" \/><\/a><\/p>\n<p>&nbsp;<\/p>\n<p>&nbsp;<\/p>\n","protected":false},"excerpt":{"rendered":"<p>Lujo de concierto de \u00a0Maximino Antonioni y Rub\u00e9n de Mart\u00edn esta tarde en El Liceo, en un formato d\u00fao de guitarra, ukelele, percursi\u00f3n y voces, ofrecieron un extraordinario repertorio de m\u00fasica de los a\u00f1os 80 y 90 con versiones y canciones propias. Adem\u00e1s contaron con la participaci\u00f3n del guitarrista Juan Carrizo. Un lujo con el [&hellip;]<\/p>\n","protected":false},"author":2,"featured_media":0,"comment_status":"open","ping_status":"closed","sticky":false,"template":"","format":"standard","meta":{"footnotes":""},"categories":[5,21],"tags":[],"class_list":["post-13089","post","type-post","status-publish","format-standard","hentry","category-musica","category-musica-concertos-patio-de-columnas"],"_links":{"self":[{"href":"http:\/\/www.liceodeourense.com\/2.0\/index.php?rest_route=\/wp\/v2\/posts\/13089","targetHints":{"allow":["GET"]}}],"collection":[{"href":"http:\/\/www.liceodeourense.com\/2.0\/index.php?rest_route=\/wp\/v2\/posts"}],"about":[{"href":"http:\/\/www.liceodeourense.com\/2.0\/index.php?rest_route=\/wp\/v2\/types\/post"}],"author":[{"embeddable":true,"href":"http:\/\/www.liceodeourense.com\/2.0\/index.php?rest_route=\/wp\/v2\/users\/2"}],"replies":[{"embeddable":true,"href":"http:\/\/www.liceodeourense.com\/2.0\/index.php?rest_route=%2Fwp%2Fv2%2Fcomments&post=13089"}],"version-history":[{"count":1,"href":"http:\/\/www.liceodeourense.com\/2.0\/index.php?rest_route=\/wp\/v2\/posts\/13089\/revisions"}],"predecessor-version":[{"id":13096,"href":"http:\/\/www.liceodeourense.com\/2.0\/index.php?rest_route=\/wp\/v2\/posts\/13089\/revisions\/13096"}],"wp:attachment":[{"href":"http:\/\/www.liceodeourense.com\/2.0\/index.php?rest_route=%2Fwp%2Fv2%2Fmedia&parent=13089"}],"wp:term":[{"taxonomy":"category","embeddable":true,"href":"http:\/\/www.liceodeourense.com\/2.0\/index.php?rest_route=%2Fwp%2Fv2%2Fcategories&post=13089"},{"taxonomy":"post_tag","embeddable":true,"href":"http:\/\/www.liceodeourense.com\/2.0\/index.php?rest_route=%2Fwp%2Fv2%2Ftags&post=13089"}],"curies":[{"name":"wp","href":"https:\/\/api.w.org\/{rel}","templated":true}]}}