{"id":12918,"date":"2021-06-09T20:46:34","date_gmt":"2021-06-09T19:46:34","guid":{"rendered":"https:\/\/www.liceodeourense.com\/2.0\/?p=12918"},"modified":"2021-06-09T20:50:54","modified_gmt":"2021-06-09T19:50:54","slug":"ciclo-recordando-a-elvira-cuevillas","status":"publish","type":"post","link":"http:\/\/www.liceodeourense.com\/2.0\/?p=12918","title":{"rendered":"CICLO RECORDANDO A&#8230; \u00abELVIRA CUEVILLAS\u00bb"},"content":{"rendered":"<h3><a href=\"https:\/\/www.liceodeourense.com\/2.0\/?attachment_id=12923\" rel=\"attachment wp-att-12923\"><img loading=\"lazy\" decoding=\"async\" class=\"alignleft size-full wp-image-12923\" src=\"https:\/\/www.liceodeourense.com\/2.0\/wp-content\/uploads\/RECOR-ELVIRA-CUEVILLAS-04.jpg\" alt=\"\" width=\"730\" height=\"547\" srcset=\"https:\/\/www.liceodeourense.com\/2.0\/wp-content\/uploads\/RECOR-ELVIRA-CUEVILLAS-04.jpg 730w, https:\/\/www.liceodeourense.com\/2.0\/wp-content\/uploads\/RECOR-ELVIRA-CUEVILLAS-04-300x225.jpg 300w\" sizes=\"auto, (max-width: 730px) 100vw, 730px\" \/><\/a><\/h3>\n<h3>Precioso acto, emotivo, cari\u00f1oso, alegre, musical, todo o que ti\u00f1a a nosa protagonista do d\u00eda de hoxe no Ciclo Recordando a&#8230; a nosa Elvira Cuevillas. Unha unha grand\u00edsima muller, adiantada o seu tempo, muller sempre sonrinte , vital e chea de luz Elvira Cuevillas (Elvira L\u00f3pez-Cuevillas Rodr\u00edguez).<\/h3>\n<p><a href=\"https:\/\/www.liceodeourense.com\/2.0\/?attachment_id=12925\" rel=\"attachment wp-att-12925\"><img loading=\"lazy\" decoding=\"async\" class=\"alignleft  wp-image-12925\" src=\"https:\/\/www.liceodeourense.com\/2.0\/wp-content\/uploads\/RECOR-ELVIRA-CUEVILLAS-09.jpg\" alt=\"\" width=\"272\" height=\"363\" srcset=\"https:\/\/www.liceodeourense.com\/2.0\/wp-content\/uploads\/RECOR-ELVIRA-CUEVILLAS-09.jpg 547w, https:\/\/www.liceodeourense.com\/2.0\/wp-content\/uploads\/RECOR-ELVIRA-CUEVILLAS-09-225x300.jpg 225w\" sizes=\"auto, (max-width: 272px) 100vw, 272px\" \/><\/a><\/p>\n<h3>O acto abriuse e pechouse unha extraordinaria intrepretaci\u00f3n musical o piano a cargo de Luis Humberto Cao, con duas obras moi ben escollidas para o momento..<\/h3>\n<p>&nbsp;<\/p>\n<p><a href=\"https:\/\/www.liceodeourense.com\/2.0\/?attachment_id=12921\" rel=\"attachment wp-att-12921\"><img loading=\"lazy\" decoding=\"async\" class=\"alignleft  wp-image-12921\" src=\"https:\/\/www.liceodeourense.com\/2.0\/wp-content\/uploads\/RECOR-ELVIRA-CUEVILLAS-02.jpg\" alt=\"\" width=\"312\" height=\"416\" srcset=\"https:\/\/www.liceodeourense.com\/2.0\/wp-content\/uploads\/RECOR-ELVIRA-CUEVILLAS-02.jpg 547w, https:\/\/www.liceodeourense.com\/2.0\/wp-content\/uploads\/RECOR-ELVIRA-CUEVILLAS-02-225x300.jpg 225w\" sizes=\"auto, (max-width: 312px) 100vw, 312px\" \/><\/a> <a href=\"https:\/\/www.liceodeourense.com\/2.0\/?attachment_id=12922\" rel=\"attachment wp-att-12922\"><img loading=\"lazy\" decoding=\"async\" class=\"alignleft  wp-image-12922\" src=\"https:\/\/www.liceodeourense.com\/2.0\/wp-content\/uploads\/RECOR-ELVIRA-CUEVILLAS-03.jpg\" alt=\"\" width=\"308\" height=\"412\" srcset=\"https:\/\/www.liceodeourense.com\/2.0\/wp-content\/uploads\/RECOR-ELVIRA-CUEVILLAS-03.jpg 547w, https:\/\/www.liceodeourense.com\/2.0\/wp-content\/uploads\/RECOR-ELVIRA-CUEVILLAS-03-225x300.jpg 225w\" sizes=\"auto, (max-width: 308px) 100vw, 308px\" \/><\/a><\/p>\n<h3>As intervenci\u00f3ns inici\u00e1ronse con Delf\u00edn Caseiro, que fixo un percorrido pola su biograf\u00eda, quen constextualizou a figura da nosa homenaxeada, para dar paso as intervenci\u00f3ns cercanas, dende o coraz\u00f3n, dende a amizade, as intervenci\u00f3ns de\u00a0 Elvira Carregado Pazos\u00a0 e Stella Estrada Mosquera, \u00e1mbalas d\u00faas amigas cercanas de Elvira.<\/h3>\n<h3><\/h3>\n<h3>Despois de algunas intervenci\u00f3ns demde o p\u00fablico como un poema de Pilar Charro, pech\u00e1ronse estas coa palabra de Margarita Tovar, sobri\u00f1a de Elvira, unas palabras de agradecemento por este recordo, adem\u00e1is da s\u00faas vivenzas familiares, como a propia Margarita dixo Elvira era unha muller especial, adiantada o seu tempo, falaba e le\u00eda en 5 idiomas, percorreou medio mundo, era una embaixadora de Ourense, trasgresora, forte, viviu dende a liberdade, dende o feminismo, e marchou en silencio.. NON TE ESQUECEREMOS NUNCA ELVIRA CUEVILLAS.<\/h3>\n<h3>O noso agradecemento a todos dende o Liceo de Ourense que prosegue coa programaci\u00f3n do \u2018\u2018Ciclo recordando a&#8230;\u2019\u2019 personaxes da nosa cidade e provincia, ata unha nova mesa.<\/h3>\n<p><a href=\"https:\/\/www.liceodeourense.com\/2.0\/?attachment_id=12924\" rel=\"attachment wp-att-12924\"><img loading=\"lazy\" decoding=\"async\" class=\"alignleft size-full wp-image-12924\" src=\"https:\/\/www.liceodeourense.com\/2.0\/wp-content\/uploads\/RECOR-ELVIRA-CUEVILLAS-05.jpg\" alt=\"\" width=\"1024\" height=\"768\" srcset=\"https:\/\/www.liceodeourense.com\/2.0\/wp-content\/uploads\/RECOR-ELVIRA-CUEVILLAS-05.jpg 1024w, https:\/\/www.liceodeourense.com\/2.0\/wp-content\/uploads\/RECOR-ELVIRA-CUEVILLAS-05-300x225.jpg 300w, https:\/\/www.liceodeourense.com\/2.0\/wp-content\/uploads\/RECOR-ELVIRA-CUEVILLAS-05-768x576.jpg 768w\" sizes=\"auto, (max-width: 1024px) 100vw, 1024px\" \/><\/a><\/p>\n<h3><a href=\"https:\/\/www.liceodeourense.com\/2.0\/?attachment_id=12920\" rel=\"attachment wp-att-12920\"><img loading=\"lazy\" decoding=\"async\" class=\"alignleft  wp-image-12920\" src=\"https:\/\/www.liceodeourense.com\/2.0\/wp-content\/uploads\/RECOR-ELVIRA-CUEVILLAS-01.jpg\" alt=\"\" width=\"730\" height=\"547\" srcset=\"https:\/\/www.liceodeourense.com\/2.0\/wp-content\/uploads\/RECOR-ELVIRA-CUEVILLAS-01.jpg 730w, https:\/\/www.liceodeourense.com\/2.0\/wp-content\/uploads\/RECOR-ELVIRA-CUEVILLAS-01-300x225.jpg 300w\" sizes=\"auto, (max-width: 730px) 100vw, 730px\" \/><\/a><a href=\"https:\/\/www.liceodeourense.com\/2.0\/?attachment_id=12893\" rel=\"attachment wp-att-12893\"><img loading=\"lazy\" decoding=\"async\" class=\"alignleft  wp-image-12893\" src=\"https:\/\/www.liceodeourense.com\/2.0\/wp-content\/uploads\/ELVIRA-CUEVILLAS.jpg\" alt=\"\" width=\"731\" height=\"769\" srcset=\"https:\/\/www.liceodeourense.com\/2.0\/wp-content\/uploads\/ELVIRA-CUEVILLAS.jpg 627w, https:\/\/www.liceodeourense.com\/2.0\/wp-content\/uploads\/ELVIRA-CUEVILLAS-285x300.jpg 285w\" sizes=\"auto, (max-width: 731px) 100vw, 731px\" \/><\/a><\/h3>\n<h3><\/h3>\n","protected":false},"excerpt":{"rendered":"<p>Precioso acto, emotivo, cari\u00f1oso, alegre, musical, todo o que ti\u00f1a a nosa protagonista do d\u00eda de hoxe no Ciclo Recordando a&#8230; a nosa Elvira Cuevillas. Unha unha grand\u00edsima muller, adiantada o seu tempo, muller sempre sonrinte , vital e chea de luz Elvira Cuevillas (Elvira L\u00f3pez-Cuevillas Rodr\u00edguez). O acto abriuse e pechouse unha extraordinaria intrepretaci\u00f3n [&hellip;]<\/p>\n","protected":false},"author":2,"featured_media":0,"comment_status":"open","ping_status":"closed","sticky":false,"template":"","format":"standard","meta":{"footnotes":""},"categories":[36,1],"tags":[],"class_list":["post-12918","post","type-post","status-publish","format-standard","hentry","category-ciclo-recordando-a","category-sin-categoria"],"_links":{"self":[{"href":"http:\/\/www.liceodeourense.com\/2.0\/index.php?rest_route=\/wp\/v2\/posts\/12918","targetHints":{"allow":["GET"]}}],"collection":[{"href":"http:\/\/www.liceodeourense.com\/2.0\/index.php?rest_route=\/wp\/v2\/posts"}],"about":[{"href":"http:\/\/www.liceodeourense.com\/2.0\/index.php?rest_route=\/wp\/v2\/types\/post"}],"author":[{"embeddable":true,"href":"http:\/\/www.liceodeourense.com\/2.0\/index.php?rest_route=\/wp\/v2\/users\/2"}],"replies":[{"embeddable":true,"href":"http:\/\/www.liceodeourense.com\/2.0\/index.php?rest_route=%2Fwp%2Fv2%2Fcomments&post=12918"}],"version-history":[{"count":3,"href":"http:\/\/www.liceodeourense.com\/2.0\/index.php?rest_route=\/wp\/v2\/posts\/12918\/revisions"}],"predecessor-version":[{"id":12927,"href":"http:\/\/www.liceodeourense.com\/2.0\/index.php?rest_route=\/wp\/v2\/posts\/12918\/revisions\/12927"}],"wp:attachment":[{"href":"http:\/\/www.liceodeourense.com\/2.0\/index.php?rest_route=%2Fwp%2Fv2%2Fmedia&parent=12918"}],"wp:term":[{"taxonomy":"category","embeddable":true,"href":"http:\/\/www.liceodeourense.com\/2.0\/index.php?rest_route=%2Fwp%2Fv2%2Fcategories&post=12918"},{"taxonomy":"post_tag","embeddable":true,"href":"http:\/\/www.liceodeourense.com\/2.0\/index.php?rest_route=%2Fwp%2Fv2%2Ftags&post=12918"}],"curies":[{"name":"wp","href":"https:\/\/api.w.org\/{rel}","templated":true}]}}