{"id":12479,"date":"2021-01-05T15:55:35","date_gmt":"2021-01-05T14:55:35","guid":{"rendered":"http:\/\/www.liceodeourense.com\/2.0\/?p=12479"},"modified":"2021-01-07T09:57:56","modified_gmt":"2021-01-07T08:57:56","slug":"o-delegado-territorial-da-xunta-gabriel-alen-visita-o-liceo-de-ourense","status":"publish","type":"post","link":"http:\/\/www.liceodeourense.com\/2.0\/?p=12479","title":{"rendered":"O delegado territorial da Xunta, Gabriel Al\u00e9n, visita o Liceo de Ourense"},"content":{"rendered":"<h3><a href=\"http:\/\/www.liceodeourense.com\/2.0\/?attachment_id=12482\" rel=\"attachment wp-att-12482\"><img loading=\"lazy\" decoding=\"async\" class=\"alignleft size-full wp-image-12482\" src=\"https:\/\/www.liceodeourense.com\/2.0\/wp-content\/uploads\/IMG-20210105-WA0003.jpg\" alt=\"\" width=\"2048\" height=\"1365\" srcset=\"https:\/\/www.liceodeourense.com\/2.0\/wp-content\/uploads\/IMG-20210105-WA0003.jpg 2048w, https:\/\/www.liceodeourense.com\/2.0\/wp-content\/uploads\/IMG-20210105-WA0003-300x200.jpg 300w, https:\/\/www.liceodeourense.com\/2.0\/wp-content\/uploads\/IMG-20210105-WA0003-1024x683.jpg 1024w, https:\/\/www.liceodeourense.com\/2.0\/wp-content\/uploads\/IMG-20210105-WA0003-768x512.jpg 768w, https:\/\/www.liceodeourense.com\/2.0\/wp-content\/uploads\/IMG-20210105-WA0003-1536x1024.jpg 1536w\" sizes=\"auto, (max-width: 2048px) 100vw, 2048px\" \/><\/a><\/h3>\n<h3>O delegado territorial da Xunta en Ourense, Gabriel Al\u00e9n, visitou esta ma\u00f1\u00e1 as instalaci\u00f3ns do Liceo de Ourense, onde a Axencia Turismo de Galicia investiu 104.060 euros na reparaci\u00f3n da s\u00faa cuberta.<\/h3>\n<h3>Da man do seu presidente, Xavier Casares, Al\u00e9n Castro percorreu as distintas salas desta instituci\u00f3n recreativa, eminentemente cultural, e interesouse polo mi\u00fado polos proxectos nos que est\u00e1n a traballar, ou que te\u00f1en previsto desenvolver no futuro. Nel ac\u00f3llense distintas asociaci\u00f3ns que non te\u00f1en un lugar axeitado para desenvolver as s\u00faas actividades (coral, filatelia, xadrez&#8230;.); celebr\u00e1ndose unha media anual de 350 actos culturais ou conmemorativos da sociedade provincial, sen ning\u00fan tipo de custe para os organizadores. Anualmente pasan polas instalaci\u00f3ns do Liceo de Ourense m\u00e1is de 50.000 persoas.<\/h3>\n<h3>O Liceo de Ourense, declarado Ben de Interese Cultural, pos\u00fae unha fachada, de gran beleza, ten os bras\u00f3ns da familia fundadora ao redor do balc\u00f3n central, que se repiten no patio de columnas, do que \u00e9 digno de admirar o conxunto p\u00e9treo de columnas, antepeitos e adornos nun traballo de canter\u00eda de exquisita calidade.<\/h3>\n<p><a href=\"http:\/\/www.liceodeourense.com\/2.0\/?attachment_id=12480\" rel=\"attachment wp-att-12480\"><img loading=\"lazy\" decoding=\"async\" class=\"alignleft size-full wp-image-12480\" src=\"https:\/\/www.liceodeourense.com\/2.0\/wp-content\/uploads\/IMG-20210105-WA0001.jpg\" alt=\"\" width=\"2048\" height=\"1365\" srcset=\"https:\/\/www.liceodeourense.com\/2.0\/wp-content\/uploads\/IMG-20210105-WA0001.jpg 2048w, https:\/\/www.liceodeourense.com\/2.0\/wp-content\/uploads\/IMG-20210105-WA0001-300x200.jpg 300w, https:\/\/www.liceodeourense.com\/2.0\/wp-content\/uploads\/IMG-20210105-WA0001-1024x683.jpg 1024w, https:\/\/www.liceodeourense.com\/2.0\/wp-content\/uploads\/IMG-20210105-WA0001-768x512.jpg 768w, https:\/\/www.liceodeourense.com\/2.0\/wp-content\/uploads\/IMG-20210105-WA0001-1536x1024.jpg 1536w\" sizes=\"auto, (max-width: 2048px) 100vw, 2048px\" \/><\/a> <a href=\"http:\/\/www.liceodeourense.com\/2.0\/?attachment_id=12481\" rel=\"attachment wp-att-12481\"><img loading=\"lazy\" decoding=\"async\" class=\"alignleft size-full wp-image-12481\" src=\"https:\/\/www.liceodeourense.com\/2.0\/wp-content\/uploads\/IMG-20210105-WA0002.jpg\" alt=\"\" width=\"2048\" height=\"1365\" srcset=\"https:\/\/www.liceodeourense.com\/2.0\/wp-content\/uploads\/IMG-20210105-WA0002.jpg 2048w, https:\/\/www.liceodeourense.com\/2.0\/wp-content\/uploads\/IMG-20210105-WA0002-300x200.jpg 300w, https:\/\/www.liceodeourense.com\/2.0\/wp-content\/uploads\/IMG-20210105-WA0002-1024x683.jpg 1024w, https:\/\/www.liceodeourense.com\/2.0\/wp-content\/uploads\/IMG-20210105-WA0002-768x512.jpg 768w, https:\/\/www.liceodeourense.com\/2.0\/wp-content\/uploads\/IMG-20210105-WA0002-1536x1024.jpg 1536w\" sizes=\"auto, (max-width: 2048px) 100vw, 2048px\" \/><\/a> <a href=\"http:\/\/www.liceodeourense.com\/2.0\/?attachment_id=12483\" rel=\"attachment wp-att-12483\"><img loading=\"lazy\" decoding=\"async\" class=\"alignleft size-full wp-image-12483\" src=\"https:\/\/www.liceodeourense.com\/2.0\/wp-content\/uploads\/IMG-20210105-WA0004.jpg\" alt=\"\" width=\"2048\" height=\"1365\" srcset=\"https:\/\/www.liceodeourense.com\/2.0\/wp-content\/uploads\/IMG-20210105-WA0004.jpg 2048w, https:\/\/www.liceodeourense.com\/2.0\/wp-content\/uploads\/IMG-20210105-WA0004-300x200.jpg 300w, https:\/\/www.liceodeourense.com\/2.0\/wp-content\/uploads\/IMG-20210105-WA0004-1024x683.jpg 1024w, https:\/\/www.liceodeourense.com\/2.0\/wp-content\/uploads\/IMG-20210105-WA0004-768x512.jpg 768w, https:\/\/www.liceodeourense.com\/2.0\/wp-content\/uploads\/IMG-20210105-WA0004-1536x1024.jpg 1536w\" sizes=\"auto, (max-width: 2048px) 100vw, 2048px\" \/><\/a><\/p>\n","protected":false},"excerpt":{"rendered":"<p>O delegado territorial da Xunta en Ourense, Gabriel Al\u00e9n, visitou esta ma\u00f1\u00e1 as instalaci\u00f3ns do Liceo de Ourense, onde a Axencia Turismo de Galicia investiu 104.060 euros na reparaci\u00f3n da s\u00faa cuberta. Da man do seu presidente, Xavier Casares, Al\u00e9n Castro percorreu as distintas salas desta instituci\u00f3n recreativa, eminentemente cultural, e interesouse polo mi\u00fado polos [&hellip;]<\/p>\n","protected":false},"author":2,"featured_media":0,"comment_status":"open","ping_status":"closed","sticky":false,"template":"","format":"standard","meta":{"footnotes":""},"categories":[4],"tags":[],"class_list":["post-12479","post","type-post","status-publish","format-standard","hentry","category-liceo"],"_links":{"self":[{"href":"http:\/\/www.liceodeourense.com\/2.0\/index.php?rest_route=\/wp\/v2\/posts\/12479","targetHints":{"allow":["GET"]}}],"collection":[{"href":"http:\/\/www.liceodeourense.com\/2.0\/index.php?rest_route=\/wp\/v2\/posts"}],"about":[{"href":"http:\/\/www.liceodeourense.com\/2.0\/index.php?rest_route=\/wp\/v2\/types\/post"}],"author":[{"embeddable":true,"href":"http:\/\/www.liceodeourense.com\/2.0\/index.php?rest_route=\/wp\/v2\/users\/2"}],"replies":[{"embeddable":true,"href":"http:\/\/www.liceodeourense.com\/2.0\/index.php?rest_route=%2Fwp%2Fv2%2Fcomments&post=12479"}],"version-history":[{"count":1,"href":"http:\/\/www.liceodeourense.com\/2.0\/index.php?rest_route=\/wp\/v2\/posts\/12479\/revisions"}],"predecessor-version":[{"id":12484,"href":"http:\/\/www.liceodeourense.com\/2.0\/index.php?rest_route=\/wp\/v2\/posts\/12479\/revisions\/12484"}],"wp:attachment":[{"href":"http:\/\/www.liceodeourense.com\/2.0\/index.php?rest_route=%2Fwp%2Fv2%2Fmedia&parent=12479"}],"wp:term":[{"taxonomy":"category","embeddable":true,"href":"http:\/\/www.liceodeourense.com\/2.0\/index.php?rest_route=%2Fwp%2Fv2%2Fcategories&post=12479"},{"taxonomy":"post_tag","embeddable":true,"href":"http:\/\/www.liceodeourense.com\/2.0\/index.php?rest_route=%2Fwp%2Fv2%2Ftags&post=12479"}],"curies":[{"name":"wp","href":"https:\/\/api.w.org\/{rel}","templated":true}]}}