{"id":12416,"date":"2020-12-19T20:52:47","date_gmt":"2020-12-19T19:52:47","guid":{"rendered":"http:\/\/www.liceodeourense.com\/2.0\/?p=12416"},"modified":"2020-12-21T09:54:11","modified_gmt":"2020-12-21T08:54:11","slug":"abraham-cupeiro-coa-sua-viaxe-a-traves-das-musicas-de-pangea-o-seu-ultimo-album","status":"publish","type":"post","link":"http:\/\/www.liceodeourense.com\/2.0\/?p=12416","title":{"rendered":"Abraham Cupeiro coa s\u00faa viaxe a trav\u00e9s das m\u00fasicas de Pangea, o seu \u00faltimo\u00a0 album."},"content":{"rendered":"<h3><a href=\"http:\/\/www.liceodeourense.com\/2.0\/?attachment_id=12417\" rel=\"attachment wp-att-12417\"><img loading=\"lazy\" decoding=\"async\" class=\"alignleft wp-image-12417\" src=\"https:\/\/www.liceodeourense.com\/2.0\/wp-content\/uploads\/ABRAHAM-CUPEIRO-00.jpg\" alt=\"\" width=\"312\" height=\"417\" srcset=\"https:\/\/www.liceodeourense.com\/2.0\/wp-content\/uploads\/ABRAHAM-CUPEIRO-00.jpg 684w, https:\/\/www.liceodeourense.com\/2.0\/wp-content\/uploads\/ABRAHAM-CUPEIRO-00-225x300.jpg 225w\" sizes=\"auto, (max-width: 312px) 100vw, 312px\" \/><\/a>Sorprendente Abraham Cupeiro coa s\u00faa viaxe a trav\u00e9s das m\u00fasicas de Pangea, o seu \u00faltimo\u00a0 album.<\/h3>\n<h3>Nun coloquio dunha hora aproximada no que o compositor, int\u00e9rprete e recuperador de instrumentos antigos afondou nas ra\u00edces dos sons do mundo. Incidiu nos diferentes instrumentos empregados en cada unha das canci\u00f3ns do \u00e1lbum, propo\u00f1\u00e9ndonos un percorrido global pola \u00fanica linguaxe universal: a m\u00fasica.<\/h3>\n<h3>Un percorrido conectando continentes e oc\u00e9anos a trav\u00e9s da m\u00fasica. Instrumentos e sons do pasado dialogan entre s\u00ed evocando culturas e paisaxes cercanos e lonxanos, unidos polo aire. O mesmo que transporta \u00e1 \u00fanica linguaxe universal: a m\u00fasica. O \u00fanico que pode unirnos para frear a desolaci\u00f3n do planeta, en tempos onde as distancias se sinten mais ca nunca.<\/h3>\n<h3><a href=\"http:\/\/www.liceodeourense.com\/2.0\/?attachment_id=12418\" rel=\"attachment wp-att-12418\"><img loading=\"lazy\" decoding=\"async\" class=\"alignleft wp-image-12418\" src=\"https:\/\/www.liceodeourense.com\/2.0\/wp-content\/uploads\/ABRAHAM-CUPEIRO-01.jpg\" alt=\"\" width=\"330\" height=\"440\" srcset=\"https:\/\/www.liceodeourense.com\/2.0\/wp-content\/uploads\/ABRAHAM-CUPEIRO-01.jpg 684w, https:\/\/www.liceodeourense.com\/2.0\/wp-content\/uploads\/ABRAHAM-CUPEIRO-01-225x300.jpg 225w\" sizes=\"auto, (max-width: 330px) 100vw, 330px\" \/><\/a><\/h3>\n<h3>Pangea foi gravado en 2019 coa Royal Philharmonic de Londres nos estudos Abbey Road, sa\u00edndo \u00e1 luz en setembro de 2020 baixo o selo Warner Classics.<\/h3>\n<h3>Moitas gracias por vir e mostrarnos o teu traballo desta forma tan xenerosa, e moitas gracias a todos os que quixestedes\u00a0 acompa\u00f1arnos.<\/h3>\n<h3><a href=\"http:\/\/www.liceodeourense.com\/2.0\/?attachment_id=12419\" rel=\"attachment wp-att-12419\"><img loading=\"lazy\" decoding=\"async\" class=\"alignleft wp-image-12419\" src=\"https:\/\/www.liceodeourense.com\/2.0\/wp-content\/uploads\/ABRAHAM-CUPEIRO-02.jpg\" alt=\"\" width=\"323\" height=\"431\" srcset=\"https:\/\/www.liceodeourense.com\/2.0\/wp-content\/uploads\/ABRAHAM-CUPEIRO-02.jpg 684w, https:\/\/www.liceodeourense.com\/2.0\/wp-content\/uploads\/ABRAHAM-CUPEIRO-02-225x300.jpg 225w\" sizes=\"auto, (max-width: 323px) 100vw, 323px\" \/><\/a><\/h3>\n<p><a href=\"http:\/\/www.liceodeourense.com\/2.0\/?attachment_id=12420\" rel=\"attachment wp-att-12420\"><img loading=\"lazy\" decoding=\"async\" class=\"alignleft size-full wp-image-12420\" src=\"https:\/\/www.liceodeourense.com\/2.0\/wp-content\/uploads\/ABRAHAM-CUPEIRO-03.jpg\" alt=\"\" width=\"684\" height=\"912\" srcset=\"https:\/\/www.liceodeourense.com\/2.0\/wp-content\/uploads\/ABRAHAM-CUPEIRO-03.jpg 684w, https:\/\/www.liceodeourense.com\/2.0\/wp-content\/uploads\/ABRAHAM-CUPEIRO-03-225x300.jpg 225w\" sizes=\"auto, (max-width: 684px) 100vw, 684px\" \/><\/a> <a href=\"http:\/\/www.liceodeourense.com\/2.0\/?attachment_id=12421\" rel=\"attachment wp-att-12421\"><img loading=\"lazy\" decoding=\"async\" class=\"alignleft size-full wp-image-12421\" src=\"https:\/\/www.liceodeourense.com\/2.0\/wp-content\/uploads\/ABRAHAM-CUPEIRO-04.jpg\" alt=\"\" width=\"684\" height=\"912\" srcset=\"https:\/\/www.liceodeourense.com\/2.0\/wp-content\/uploads\/ABRAHAM-CUPEIRO-04.jpg 684w, https:\/\/www.liceodeourense.com\/2.0\/wp-content\/uploads\/ABRAHAM-CUPEIRO-04-225x300.jpg 225w\" sizes=\"auto, (max-width: 684px) 100vw, 684px\" \/><\/a> <a href=\"http:\/\/www.liceodeourense.com\/2.0\/?attachment_id=12422\" rel=\"attachment wp-att-12422\"><img loading=\"lazy\" decoding=\"async\" class=\"alignleft size-full wp-image-12422\" src=\"https:\/\/www.liceodeourense.com\/2.0\/wp-content\/uploads\/ABRAHAM-CUPEIRO-05.jpg\" alt=\"\" width=\"684\" height=\"912\" srcset=\"https:\/\/www.liceodeourense.com\/2.0\/wp-content\/uploads\/ABRAHAM-CUPEIRO-05.jpg 684w, https:\/\/www.liceodeourense.com\/2.0\/wp-content\/uploads\/ABRAHAM-CUPEIRO-05-225x300.jpg 225w\" sizes=\"auto, (max-width: 684px) 100vw, 684px\" \/><\/a> <a href=\"http:\/\/www.liceodeourense.com\/2.0\/?attachment_id=12423\" rel=\"attachment wp-att-12423\"><img loading=\"lazy\" decoding=\"async\" class=\"alignleft size-full wp-image-12423\" src=\"https:\/\/www.liceodeourense.com\/2.0\/wp-content\/uploads\/ABRAHAM-CUPEIRO-06.jpg\" alt=\"\" width=\"684\" height=\"912\" srcset=\"https:\/\/www.liceodeourense.com\/2.0\/wp-content\/uploads\/ABRAHAM-CUPEIRO-06.jpg 684w, https:\/\/www.liceodeourense.com\/2.0\/wp-content\/uploads\/ABRAHAM-CUPEIRO-06-225x300.jpg 225w\" sizes=\"auto, (max-width: 684px) 100vw, 684px\" \/><\/a> <a href=\"http:\/\/www.liceodeourense.com\/2.0\/?attachment_id=12424\" rel=\"attachment wp-att-12424\"><img loading=\"lazy\" decoding=\"async\" class=\"alignleft size-full wp-image-12424\" src=\"https:\/\/www.liceodeourense.com\/2.0\/wp-content\/uploads\/ABRAHAM-CUPEIRO-07.jpg\" alt=\"\" width=\"684\" height=\"912\" srcset=\"https:\/\/www.liceodeourense.com\/2.0\/wp-content\/uploads\/ABRAHAM-CUPEIRO-07.jpg 684w, https:\/\/www.liceodeourense.com\/2.0\/wp-content\/uploads\/ABRAHAM-CUPEIRO-07-225x300.jpg 225w\" sizes=\"auto, (max-width: 684px) 100vw, 684px\" \/><\/a> <a href=\"http:\/\/www.liceodeourense.com\/2.0\/?attachment_id=12425\" rel=\"attachment wp-att-12425\"><img loading=\"lazy\" decoding=\"async\" class=\"alignleft size-full wp-image-12425\" src=\"https:\/\/www.liceodeourense.com\/2.0\/wp-content\/uploads\/ABRAHAM-CUPEIRO-08.jpg\" alt=\"\" width=\"684\" height=\"912\" srcset=\"https:\/\/www.liceodeourense.com\/2.0\/wp-content\/uploads\/ABRAHAM-CUPEIRO-08.jpg 684w, https:\/\/www.liceodeourense.com\/2.0\/wp-content\/uploads\/ABRAHAM-CUPEIRO-08-225x300.jpg 225w\" sizes=\"auto, (max-width: 684px) 100vw, 684px\" \/><\/a> <a href=\"http:\/\/www.liceodeourense.com\/2.0\/?attachment_id=12426\" rel=\"attachment wp-att-12426\"><img loading=\"lazy\" decoding=\"async\" class=\"alignleft size-full wp-image-12426\" src=\"https:\/\/www.liceodeourense.com\/2.0\/wp-content\/uploads\/ABRAHAM-CUPEIRO-09.jpg\" alt=\"\" width=\"684\" height=\"912\" srcset=\"https:\/\/www.liceodeourense.com\/2.0\/wp-content\/uploads\/ABRAHAM-CUPEIRO-09.jpg 684w, https:\/\/www.liceodeourense.com\/2.0\/wp-content\/uploads\/ABRAHAM-CUPEIRO-09-225x300.jpg 225w\" sizes=\"auto, (max-width: 684px) 100vw, 684px\" \/><\/a> <a href=\"http:\/\/www.liceodeourense.com\/2.0\/?attachment_id=12427\" rel=\"attachment wp-att-12427\"><img loading=\"lazy\" decoding=\"async\" class=\"alignleft size-full wp-image-12427\" src=\"https:\/\/www.liceodeourense.com\/2.0\/wp-content\/uploads\/ABRAHAM-CUPEIRO-10.jpg\" alt=\"\" width=\"912\" height=\"684\" srcset=\"https:\/\/www.liceodeourense.com\/2.0\/wp-content\/uploads\/ABRAHAM-CUPEIRO-10.jpg 912w, https:\/\/www.liceodeourense.com\/2.0\/wp-content\/uploads\/ABRAHAM-CUPEIRO-10-300x225.jpg 300w, https:\/\/www.liceodeourense.com\/2.0\/wp-content\/uploads\/ABRAHAM-CUPEIRO-10-768x576.jpg 768w\" sizes=\"auto, (max-width: 912px) 100vw, 912px\" \/><\/a> <a href=\"http:\/\/www.liceodeourense.com\/2.0\/?attachment_id=12428\" rel=\"attachment wp-att-12428\"><img loading=\"lazy\" decoding=\"async\" class=\"alignleft size-full wp-image-12428\" src=\"https:\/\/www.liceodeourense.com\/2.0\/wp-content\/uploads\/ABRAHAM-CUPEIRO-11.jpg\" alt=\"\" width=\"912\" height=\"684\" srcset=\"https:\/\/www.liceodeourense.com\/2.0\/wp-content\/uploads\/ABRAHAM-CUPEIRO-11.jpg 912w, https:\/\/www.liceodeourense.com\/2.0\/wp-content\/uploads\/ABRAHAM-CUPEIRO-11-300x225.jpg 300w, https:\/\/www.liceodeourense.com\/2.0\/wp-content\/uploads\/ABRAHAM-CUPEIRO-11-768x576.jpg 768w\" sizes=\"auto, (max-width: 912px) 100vw, 912px\" \/><\/a><a href=\"http:\/\/www.liceodeourense.com\/2.0\/?attachment_id=12315\" rel=\"attachment wp-att-12315\"><img loading=\"lazy\" decoding=\"async\" class=\"alignleft wp-image-12315\" src=\"https:\/\/www.liceodeourense.com\/2.0\/wp-content\/uploads\/Cartaz-Pangea-Liceo-Ourense.png\" alt=\"\" width=\"754\" height=\"1067\" srcset=\"https:\/\/www.liceodeourense.com\/2.0\/wp-content\/uploads\/Cartaz-Pangea-Liceo-Ourense.png 1587w, https:\/\/www.liceodeourense.com\/2.0\/wp-content\/uploads\/Cartaz-Pangea-Liceo-Ourense-212x300.png 212w, https:\/\/www.liceodeourense.com\/2.0\/wp-content\/uploads\/Cartaz-Pangea-Liceo-Ourense-724x1024.png 724w, https:\/\/www.liceodeourense.com\/2.0\/wp-content\/uploads\/Cartaz-Pangea-Liceo-Ourense-768x1086.png 768w, https:\/\/www.liceodeourense.com\/2.0\/wp-content\/uploads\/Cartaz-Pangea-Liceo-Ourense-1086x1536.png 1086w, https:\/\/www.liceodeourense.com\/2.0\/wp-content\/uploads\/Cartaz-Pangea-Liceo-Ourense-1448x2048.png 1448w\" sizes=\"auto, (max-width: 754px) 100vw, 754px\" \/><\/a><\/p>\n<p>&nbsp;<\/p>\n","protected":false},"excerpt":{"rendered":"<p>Sorprendente Abraham Cupeiro coa s\u00faa viaxe a trav\u00e9s das m\u00fasicas de Pangea, o seu \u00faltimo\u00a0 album. Nun coloquio dunha hora aproximada no que o compositor, int\u00e9rprete e recuperador de instrumentos antigos afondou nas ra\u00edces dos sons do mundo. Incidiu nos diferentes instrumentos empregados en cada unha das canci\u00f3ns do \u00e1lbum, propo\u00f1\u00e9ndonos un percorrido global pola [&hellip;]<\/p>\n","protected":false},"author":2,"featured_media":0,"comment_status":"open","ping_status":"closed","sticky":false,"template":"","format":"standard","meta":{"footnotes":""},"categories":[43,5],"tags":[],"class_list":["post-12416","post","type-post","status-publish","format-standard","hentry","category-conferencias","category-musica"],"_links":{"self":[{"href":"http:\/\/www.liceodeourense.com\/2.0\/index.php?rest_route=\/wp\/v2\/posts\/12416","targetHints":{"allow":["GET"]}}],"collection":[{"href":"http:\/\/www.liceodeourense.com\/2.0\/index.php?rest_route=\/wp\/v2\/posts"}],"about":[{"href":"http:\/\/www.liceodeourense.com\/2.0\/index.php?rest_route=\/wp\/v2\/types\/post"}],"author":[{"embeddable":true,"href":"http:\/\/www.liceodeourense.com\/2.0\/index.php?rest_route=\/wp\/v2\/users\/2"}],"replies":[{"embeddable":true,"href":"http:\/\/www.liceodeourense.com\/2.0\/index.php?rest_route=%2Fwp%2Fv2%2Fcomments&post=12416"}],"version-history":[{"count":1,"href":"http:\/\/www.liceodeourense.com\/2.0\/index.php?rest_route=\/wp\/v2\/posts\/12416\/revisions"}],"predecessor-version":[{"id":12429,"href":"http:\/\/www.liceodeourense.com\/2.0\/index.php?rest_route=\/wp\/v2\/posts\/12416\/revisions\/12429"}],"wp:attachment":[{"href":"http:\/\/www.liceodeourense.com\/2.0\/index.php?rest_route=%2Fwp%2Fv2%2Fmedia&parent=12416"}],"wp:term":[{"taxonomy":"category","embeddable":true,"href":"http:\/\/www.liceodeourense.com\/2.0\/index.php?rest_route=%2Fwp%2Fv2%2Fcategories&post=12416"},{"taxonomy":"post_tag","embeddable":true,"href":"http:\/\/www.liceodeourense.com\/2.0\/index.php?rest_route=%2Fwp%2Fv2%2Ftags&post=12416"}],"curies":[{"name":"wp","href":"https:\/\/api.w.org\/{rel}","templated":true}]}}