{"id":12406,"date":"2020-12-18T22:09:57","date_gmt":"2020-12-18T21:09:57","guid":{"rendered":"http:\/\/www.liceodeourense.com\/2.0\/?p=12406"},"modified":"2020-12-18T22:11:44","modified_gmt":"2020-12-18T21:11:44","slug":"presentacion-do-libro-tostado-el-vino-noble-de-galicia","status":"publish","type":"post","link":"http:\/\/www.liceodeourense.com\/2.0\/?p=12406","title":{"rendered":"Presentaci\u00f3n do libro  \u00abTostado.  El vino noble de Galicia\u00bb"},"content":{"rendered":"<h2><a href=\"http:\/\/www.liceodeourense.com\/2.0\/?attachment_id=12408\" rel=\"attachment wp-att-12408\"><img loading=\"lazy\" decoding=\"async\" class=\"alignleft wp-image-12408\" src=\"https:\/\/www.liceodeourense.com\/2.0\/wp-content\/uploads\/IMG_20201218_193651.jpg\" alt=\"\" width=\"321\" height=\"428\" srcset=\"https:\/\/www.liceodeourense.com\/2.0\/wp-content\/uploads\/IMG_20201218_193651.jpg 684w, https:\/\/www.liceodeourense.com\/2.0\/wp-content\/uploads\/IMG_20201218_193651-225x300.jpg 225w\" sizes=\"auto, (max-width: 321px) 100vw, 321px\" \/><\/a><\/h2>\n<h2>Na tardi\u00f1a de hoxe presentouse no Liceo o libro : \u00abTostado. El vino noble de Galicia\u00bb, a cargo do seu autor,\u00a0 Xavier Castro, e de Ana M\u00e9ndez,\u00a0 Responsable de Bodegas Campante, que elabora o Tostado Alma de Reboreda, qu\u00e9nes fixeron un amplo percorrido pola historia deste tesouro.<\/h2>\n<p>&nbsp;<\/p>\n<p><a href=\"http:\/\/www.liceodeourense.com\/2.0\/?attachment_id=12407\" rel=\"attachment wp-att-12407\"><img loading=\"lazy\" decoding=\"async\" class=\"wp-image-12407 alignleft\" src=\"https:\/\/www.liceodeourense.com\/2.0\/wp-content\/uploads\/IMG_20201218_193630.jpg\" alt=\"\" width=\"374\" height=\"499\" srcset=\"https:\/\/www.liceodeourense.com\/2.0\/wp-content\/uploads\/IMG_20201218_193630.jpg 684w, https:\/\/www.liceodeourense.com\/2.0\/wp-content\/uploads\/IMG_20201218_193630-225x300.jpg 225w\" sizes=\"auto, (max-width: 374px) 100vw, 374px\" \/><\/a> <a href=\"http:\/\/www.liceodeourense.com\/2.0\/?attachment_id=12409\" rel=\"attachment wp-att-12409\"><img loading=\"lazy\" decoding=\"async\" class=\"alignleft wp-image-12409\" src=\"https:\/\/www.liceodeourense.com\/2.0\/wp-content\/uploads\/IMG_20201218_193657.jpg\" alt=\"\" width=\"416\" height=\"555\" srcset=\"https:\/\/www.liceodeourense.com\/2.0\/wp-content\/uploads\/IMG_20201218_193657.jpg 684w, https:\/\/www.liceodeourense.com\/2.0\/wp-content\/uploads\/IMG_20201218_193657-225x300.jpg 225w\" sizes=\"auto, (max-width: 416px) 100vw, 416px\" \/><\/a><\/p>\n<h3><\/h3>\n<h3><\/h3>\n<h3><\/h3>\n<h3><\/h3>\n<h3><\/h3>\n<h3 class=\"x_MsoNormal\"><span lang=\"ES-TRAD\">O vi\u00f1o tostado galego \u00e9 realmente o mellor desta Terra. Un libro do historiador Xavier Castro que desvela o aut\u00e9ntico tesouro que temos en Galicia. Tr\u00e1tase dun dos mellores vi\u00f1os de Europa.\u00a0<i>Tostado. El vino noble de Galicia<\/i>\u00a0\u00e9 un relato documentado e ameno da s\u00faa historia cultural.<\/span><\/h3>\n<h3 class=\"x_MsoNormal\">O lector atopar\u00e1 neste libro un ensaio escrito con amenidade, sobre un produto moi singular, de profundo arraigo na terra, que m\u00e1is que un vi\u00f1o \u00e9 unha promesa de pracer. O Tostado galego, elaborado lentamente cos mellores racimos de treixadura, \u00e9 un vi\u00f1o naturalmente doce, que se obt\u00e9n por sobremaduraci\u00f3n da uva, do mesmo xeito que o Tokay, o seu parente h\u00fangaro e o Sauternes franc\u00e9s (pasificada como eles, pero sen recurso \u00e1 botritis) que conforman, de xeito claro, a terna dos mellores vi\u00f1os de Occidente. Delicado, amable e \u00e1 vez rexo (arredor dos 15 grados) constit\u00fae o tipo de elixir que Xulio Camba recomendaba para o acompa\u00f1amiento da repostar\u00eda. Tam\u00e9n para facer m\u00e1is grata a conversa da sobremesa, posto que a palabra remollada en bo vi\u00f1o mellora apreciablemente. Tr\u00e1tase aqu\u00ed do nobre produto que m\u00e1is felicidade per c\u00e1pita produciu no pa\u00eds.<\/h3>\n<h3 class=\"x_MsoNormal\">O tostado \u00e9 o gran arist\u00f3crata dos vi\u00f1os galegos, o\u00a0<i>primus inter pares<\/i>\u00a0dos caldos m\u00e1is logrados, que, como toda aristocracia orteguiana xenuina, componse de moi poucos membros. Foi o gran vi\u00f1o dos pazos se\u00f1oriales, nos que resid\u00eda a fidalgu\u00eda galega e tam\u00e9n dos campesi\u00f1os viticultores que traballaron a terra gozando dun relativo acomodo. Era o vi\u00f1o reservado para as grandes celebraci\u00f3ns e para agasallar aos invitados de nota nos pazos blasonados, nas rectorais dos abades que dispo\u00f1\u00edan de bos dextros e de ben coidados vi\u00f1edos e tam\u00e9n nas casas dos colleiteiros acomodados, con ancha facenda e lareiras de boa siller\u00eda.<\/h3>\n<h3 class=\"x_MsoNormal\">Este libro refire a historia dun tesouro teimudamente agochado, non nunha remota illa perdida no Pac\u00edfico, sen\u00f3n no arquip\u00e9lago polite\u00edsta e m\u00faltiple conformado de madeira e pedra, de vetustas doias de barrica e adegas de granito tel\u00farico. Xa saben que as cousas importantes esc\u00f3ndense, non no fondo do vaso, onde Valle-Incl\u00e1n situaba o segredo do esperpento, sen\u00f3n na dourada superficie dun excelso vi\u00f1o en que se mergulla o beizo na procura dun pracer orixinal. Benvidos ao mosaico dun pequeno universo de modestos pero moi sabios artes\u00e1ns e ancestrais colleiteiros da terra medieval do Ribeiro.<\/h3>\n<p><a href=\"http:\/\/www.liceodeourense.com\/2.0\/?attachment_id=12354\" rel=\"attachment wp-att-12354\"><img loading=\"lazy\" decoding=\"async\" class=\"alignleft wp-image-12354\" src=\"https:\/\/www.liceodeourense.com\/2.0\/wp-content\/uploads\/LIBRO-XAVIER-CASTRO.jpg\" alt=\"\" width=\"764\" height=\"540\" srcset=\"https:\/\/www.liceodeourense.com\/2.0\/wp-content\/uploads\/LIBRO-XAVIER-CASTRO.jpg 1684w, https:\/\/www.liceodeourense.com\/2.0\/wp-content\/uploads\/LIBRO-XAVIER-CASTRO-300x212.jpg 300w, https:\/\/www.liceodeourense.com\/2.0\/wp-content\/uploads\/LIBRO-XAVIER-CASTRO-1024x724.jpg 1024w, https:\/\/www.liceodeourense.com\/2.0\/wp-content\/uploads\/LIBRO-XAVIER-CASTRO-768x543.jpg 768w, https:\/\/www.liceodeourense.com\/2.0\/wp-content\/uploads\/LIBRO-XAVIER-CASTRO-1536x1085.jpg 1536w\" sizes=\"auto, (max-width: 764px) 100vw, 764px\" \/><\/a><\/p>\n<h3><\/h3>\n","protected":false},"excerpt":{"rendered":"<p>Na tardi\u00f1a de hoxe presentouse no Liceo o libro : \u00abTostado. El vino noble de Galicia\u00bb, a cargo do seu autor,\u00a0 Xavier Castro, e de Ana M\u00e9ndez,\u00a0 Responsable de Bodegas Campante, que elabora o Tostado Alma de Reboreda, qu\u00e9nes fixeron un amplo percorrido pola historia deste tesouro. &nbsp; O vi\u00f1o tostado galego \u00e9 realmente o [&hellip;]<\/p>\n","protected":false},"author":2,"featured_media":0,"comment_status":"open","ping_status":"closed","sticky":false,"template":"","format":"standard","meta":{"footnotes":""},"categories":[6],"tags":[],"class_list":["post-12406","post","type-post","status-publish","format-standard","hentry","category-seccion-literatura"],"_links":{"self":[{"href":"http:\/\/www.liceodeourense.com\/2.0\/index.php?rest_route=\/wp\/v2\/posts\/12406","targetHints":{"allow":["GET"]}}],"collection":[{"href":"http:\/\/www.liceodeourense.com\/2.0\/index.php?rest_route=\/wp\/v2\/posts"}],"about":[{"href":"http:\/\/www.liceodeourense.com\/2.0\/index.php?rest_route=\/wp\/v2\/types\/post"}],"author":[{"embeddable":true,"href":"http:\/\/www.liceodeourense.com\/2.0\/index.php?rest_route=\/wp\/v2\/users\/2"}],"replies":[{"embeddable":true,"href":"http:\/\/www.liceodeourense.com\/2.0\/index.php?rest_route=%2Fwp%2Fv2%2Fcomments&post=12406"}],"version-history":[{"count":5,"href":"http:\/\/www.liceodeourense.com\/2.0\/index.php?rest_route=\/wp\/v2\/posts\/12406\/revisions"}],"predecessor-version":[{"id":12414,"href":"http:\/\/www.liceodeourense.com\/2.0\/index.php?rest_route=\/wp\/v2\/posts\/12406\/revisions\/12414"}],"wp:attachment":[{"href":"http:\/\/www.liceodeourense.com\/2.0\/index.php?rest_route=%2Fwp%2Fv2%2Fmedia&parent=12406"}],"wp:term":[{"taxonomy":"category","embeddable":true,"href":"http:\/\/www.liceodeourense.com\/2.0\/index.php?rest_route=%2Fwp%2Fv2%2Fcategories&post=12406"},{"taxonomy":"post_tag","embeddable":true,"href":"http:\/\/www.liceodeourense.com\/2.0\/index.php?rest_route=%2Fwp%2Fv2%2Ftags&post=12406"}],"curies":[{"name":"wp","href":"https:\/\/api.w.org\/{rel}","templated":true}]}}