{"id":12272,"date":"2020-11-27T12:37:30","date_gmt":"2020-11-27T11:37:30","guid":{"rendered":"http:\/\/www.liceodeourense.com\/2.0\/?p=12272"},"modified":"2020-11-27T12:37:59","modified_gmt":"2020-11-27T11:37:59","slug":"i-foro-carlos-velo-fundacion-carlos-velo","status":"publish","type":"post","link":"http:\/\/www.liceodeourense.com\/2.0\/?p=12272","title":{"rendered":"I FORO CARLOS VELO. FUNDACI\u00d3N CARLOS VELO."},"content":{"rendered":"<h3><a href=\"http:\/\/www.liceodeourense.com\/2.0\/?attachment_id=12229\" rel=\"attachment wp-att-12229\"><img loading=\"lazy\" decoding=\"async\" class=\"alignleft wp-image-12229\" src=\"https:\/\/www.liceodeourense.com\/2.0\/wp-content\/uploads\/FORO-CARLOS-VELO.jpg\" alt=\"\" width=\"751\" height=\"762\" srcset=\"https:\/\/www.liceodeourense.com\/2.0\/wp-content\/uploads\/FORO-CARLOS-VELO.jpg 497w, https:\/\/www.liceodeourense.com\/2.0\/wp-content\/uploads\/FORO-CARLOS-VELO-296x300.jpg 296w\" sizes=\"auto, (max-width: 751px) 100vw, 751px\" \/><\/a><\/h3>\n<h3>A Fundaci\u00f3n Carlos Velo e o Liceo de Ourense organizaron o I FORO CARLOS VELO, cun ciclo de cine e un coloquio con cada unha das pel\u00edculas proxectadas.<\/h3>\n<h3><a href=\"http:\/\/www.liceodeourense.com\/2.0\/?attachment_id=12278\" rel=\"attachment wp-att-12278\"><img loading=\"lazy\" decoding=\"async\" class=\"alignleft wp-image-12278\" src=\"https:\/\/www.liceodeourense.com\/2.0\/wp-content\/uploads\/carlos-velo-xabier.jpg\" alt=\"\" width=\"316\" height=\"422\" srcset=\"https:\/\/www.liceodeourense.com\/2.0\/wp-content\/uploads\/carlos-velo-xabier.jpg 768w, https:\/\/www.liceodeourense.com\/2.0\/wp-content\/uploads\/carlos-velo-xabier-225x300.jpg 225w\" sizes=\"auto, (max-width: 316px) 100vw, 316px\" \/><\/a><\/h3>\n<h3>O Ciclo foi presentado por Xabier Casares, no primerio d\u00eda, para despois facer o pase das curtas \u2018\u2018La ciudad y el campo\u2019\u2019 e \u2018\u2018Felipe II y el Escorial\u2019\u2019. Coloquio moderado por Miguel Anxo Fern\u00e1ndez.<\/h3>\n<h3><a href=\"http:\/\/www.liceodeourense.com\/2.0\/?attachment_id=12275\" rel=\"attachment wp-att-12275\"><img loading=\"lazy\" decoding=\"async\" class=\"alignleft wp-image-12275\" src=\"https:\/\/www.liceodeourense.com\/2.0\/wp-content\/uploads\/carlos-velo-miguel-anxo.jpg\" alt=\"\" width=\"350\" height=\"467\" srcset=\"https:\/\/www.liceodeourense.com\/2.0\/wp-content\/uploads\/carlos-velo-miguel-anxo.jpg 547w, https:\/\/www.liceodeourense.com\/2.0\/wp-content\/uploads\/carlos-velo-miguel-anxo-225x300.jpg 225w\" sizes=\"auto, (max-width: 350px) 100vw, 350px\" \/><\/a><\/h3>\n<h3><\/h3>\n<h3><\/h3>\n<h3><\/h3>\n<h3><\/h3>\n<h3><\/h3>\n<h3><\/h3>\n<h3><\/h3>\n<h3><\/h3>\n<h3><\/h3>\n<h3><\/h3>\n<h3><a href=\"http:\/\/www.liceodeourense.com\/2.0\/?attachment_id=12273\" rel=\"attachment wp-att-12273\"><img loading=\"lazy\" decoding=\"async\" class=\"alignleft wp-image-12273\" src=\"https:\/\/www.liceodeourense.com\/2.0\/wp-content\/uploads\/carlos-velo-pousa.jpg\" alt=\"\" width=\"308\" height=\"411\" srcset=\"https:\/\/www.liceodeourense.com\/2.0\/wp-content\/uploads\/carlos-velo-pousa.jpg 1200w, https:\/\/www.liceodeourense.com\/2.0\/wp-content\/uploads\/carlos-velo-pousa-225x300.jpg 225w, https:\/\/www.liceodeourense.com\/2.0\/wp-content\/uploads\/carlos-velo-pousa-768x1024.jpg 768w, https:\/\/www.liceodeourense.com\/2.0\/wp-content\/uploads\/carlos-velo-pousa-1152x1536.jpg 1152w\" sizes=\"auto, (max-width: 308px) 100vw, 308px\" \/><\/a><\/h3>\n<h3>O Segundo d\u00eda a presentaci\u00f3n foi a cargo de Xos\u00e9 Ram\u00f3n Pousa, decano da Facultade de Comunicaci\u00f3n Audiovisual de Santiago de Compostela, para presentar a proxecci\u00f3n de \u201cTorero\u201d. Estivo acompa\u00f1ado de Armando Gonz\u00e1lez, \u00e1mbolos dous membros da Fundaci\u00f3n Carlos Velo.<\/h3>\n<h3><a href=\"http:\/\/www.liceodeourense.com\/2.0\/?attachment_id=12279\" rel=\"attachment wp-att-12279\"><img loading=\"lazy\" decoding=\"async\" class=\"alignleft wp-image-12279\" src=\"https:\/\/www.liceodeourense.com\/2.0\/wp-content\/uploads\/carlos-velo-xose-manoel.jpg\" alt=\"\" width=\"396\" height=\"297\" srcset=\"https:\/\/www.liceodeourense.com\/2.0\/wp-content\/uploads\/carlos-velo-xose-manoel.jpg 1600w, https:\/\/www.liceodeourense.com\/2.0\/wp-content\/uploads\/carlos-velo-xose-manoel-300x225.jpg 300w, https:\/\/www.liceodeourense.com\/2.0\/wp-content\/uploads\/carlos-velo-xose-manoel-1024x768.jpg 1024w, https:\/\/www.liceodeourense.com\/2.0\/wp-content\/uploads\/carlos-velo-xose-manoel-768x576.jpg 768w, https:\/\/www.liceodeourense.com\/2.0\/wp-content\/uploads\/carlos-velo-xose-manoel-1536x1152.jpg 1536w\" sizes=\"auto, (max-width: 396px) 100vw, 396px\" \/><\/a><\/h3>\n<h3>O terceiro d\u00eda foi o pase da longametraxe\u00a0de \u2018\u2018Pedro P\u00e1ramo\u2019\u2019 . Coloquio foi moderado por Xos\u00e9 Manoel Rodr\u00edguez.<\/h3>\n<h3><a href=\"http:\/\/www.liceodeourense.com\/2.0\/?attachment_id=12274\" rel=\"attachment wp-att-12274\"><img loading=\"lazy\" decoding=\"async\" class=\"alignleft wp-image-12274\" src=\"https:\/\/www.liceodeourense.com\/2.0\/wp-content\/uploads\/carlos-velo-armando.jpg\" alt=\"\" width=\"378\" height=\"505\" srcset=\"https:\/\/www.liceodeourense.com\/2.0\/wp-content\/uploads\/carlos-velo-armando.jpg 547w, https:\/\/www.liceodeourense.com\/2.0\/wp-content\/uploads\/carlos-velo-armando-225x300.jpg 225w\" sizes=\"auto, (max-width: 378px) 100vw, 378px\" \/><\/a>Coa proxecci\u00f3n de \u201cVieiros\u201d, de Laura G\u00e1rdos Velo, clausuramos o primeiro Foro Carlos Velo. Unha iniciativa desenvolvida dentro do convenio de colaboraci\u00f3n asinado polo Liceo de Ourense e a Fundaci\u00f3n. Para presentar a sesi\u00f3n e guiar o posterior coloquio contouse coa presenza de Armando Gonz\u00e1lez, membro da Fundaci\u00f3n Carlos Velo, e unha das persoas vencelladas ao proxecto de \u201cVieiros\u201d na rodaxe da parte galega da obra. El compartiu con Laura G\u00e1rdos e co seu equipo de rodaxe moitas horas de inquedanzas e esforzos. E sobre esa experiencia, entre outros aspectos, falou na xornada de clausura do foro.<\/h3>\n<p>&nbsp;<\/p>\n<p><a href=\"http:\/\/www.liceodeourense.com\/2.0\/?attachment_id=12277\" rel=\"attachment wp-att-12277\"><img loading=\"lazy\" decoding=\"async\" class=\"alignleft wp-image-12277\" src=\"https:\/\/www.liceodeourense.com\/2.0\/wp-content\/uploads\/carlos-velo-publico-2.jpg\" alt=\"\" width=\"730\" height=\"547\" srcset=\"https:\/\/www.liceodeourense.com\/2.0\/wp-content\/uploads\/carlos-velo-publico-2.jpg 730w, https:\/\/www.liceodeourense.com\/2.0\/wp-content\/uploads\/carlos-velo-publico-2-300x225.jpg 300w\" sizes=\"auto, (max-width: 730px) 100vw, 730px\" \/><\/a> <a href=\"http:\/\/www.liceodeourense.com\/2.0\/?attachment_id=12276\" rel=\"attachment wp-att-12276\"><img loading=\"lazy\" decoding=\"async\" class=\"alignleft size-full wp-image-12276\" src=\"https:\/\/www.liceodeourense.com\/2.0\/wp-content\/uploads\/carlos-velo-publico-1.jpg\" alt=\"\" width=\"730\" height=\"547\" srcset=\"https:\/\/www.liceodeourense.com\/2.0\/wp-content\/uploads\/carlos-velo-publico-1.jpg 730w, https:\/\/www.liceodeourense.com\/2.0\/wp-content\/uploads\/carlos-velo-publico-1-300x225.jpg 300w\" sizes=\"auto, (max-width: 730px) 100vw, 730px\" \/><\/a><\/p>\n","protected":false},"excerpt":{"rendered":"<p>A Fundaci\u00f3n Carlos Velo e o Liceo de Ourense organizaron o I FORO CARLOS VELO, cun ciclo de cine e un coloquio con cada unha das pel\u00edculas proxectadas. O Ciclo foi presentado por Xabier Casares, no primerio d\u00eda, para despois facer o pase das curtas \u2018\u2018La ciudad y el campo\u2019\u2019 e \u2018\u2018Felipe II y el [&hellip;]<\/p>\n","protected":false},"author":2,"featured_media":0,"comment_status":"open","ping_status":"closed","sticky":false,"template":"","format":"standard","meta":{"footnotes":""},"categories":[43],"tags":[],"class_list":["post-12272","post","type-post","status-publish","format-standard","hentry","category-conferencias"],"_links":{"self":[{"href":"http:\/\/www.liceodeourense.com\/2.0\/index.php?rest_route=\/wp\/v2\/posts\/12272","targetHints":{"allow":["GET"]}}],"collection":[{"href":"http:\/\/www.liceodeourense.com\/2.0\/index.php?rest_route=\/wp\/v2\/posts"}],"about":[{"href":"http:\/\/www.liceodeourense.com\/2.0\/index.php?rest_route=\/wp\/v2\/types\/post"}],"author":[{"embeddable":true,"href":"http:\/\/www.liceodeourense.com\/2.0\/index.php?rest_route=\/wp\/v2\/users\/2"}],"replies":[{"embeddable":true,"href":"http:\/\/www.liceodeourense.com\/2.0\/index.php?rest_route=%2Fwp%2Fv2%2Fcomments&post=12272"}],"version-history":[{"count":2,"href":"http:\/\/www.liceodeourense.com\/2.0\/index.php?rest_route=\/wp\/v2\/posts\/12272\/revisions"}],"predecessor-version":[{"id":12281,"href":"http:\/\/www.liceodeourense.com\/2.0\/index.php?rest_route=\/wp\/v2\/posts\/12272\/revisions\/12281"}],"wp:attachment":[{"href":"http:\/\/www.liceodeourense.com\/2.0\/index.php?rest_route=%2Fwp%2Fv2%2Fmedia&parent=12272"}],"wp:term":[{"taxonomy":"category","embeddable":true,"href":"http:\/\/www.liceodeourense.com\/2.0\/index.php?rest_route=%2Fwp%2Fv2%2Fcategories&post=12272"},{"taxonomy":"post_tag","embeddable":true,"href":"http:\/\/www.liceodeourense.com\/2.0\/index.php?rest_route=%2Fwp%2Fv2%2Ftags&post=12272"}],"curies":[{"name":"wp","href":"https:\/\/api.w.org\/{rel}","templated":true}]}}