{"id":12243,"date":"2020-11-23T09:37:02","date_gmt":"2020-11-23T08:37:02","guid":{"rendered":"http:\/\/www.liceodeourense.com\/2.0\/?p=12243"},"modified":"2020-11-23T09:37:02","modified_gmt":"2020-11-23T08:37:02","slug":"concerto-presentacion-neno-de-monte-de-xabier-vizcaino","status":"publish","type":"post","link":"http:\/\/www.liceodeourense.com\/2.0\/?p=12243","title":{"rendered":"CONCERTO PRESENTACI\u00d3N \u00abNENO DE MONTE\u00bb DE XABIER VIZCAINO."},"content":{"rendered":"<h3><a href=\"http:\/\/www.liceodeourense.com\/2.0\/?attachment_id=12244\" rel=\"attachment wp-att-12244\"><img loading=\"lazy\" decoding=\"async\" class=\"alignleft  wp-image-12244\" src=\"https:\/\/www.liceodeourense.com\/2.0\/wp-content\/uploads\/IMG-20201122-WA0008.jpg\" alt=\"\" width=\"778\" height=\"447\" \/><\/a><\/h3>\n<h3>Na tardi\u00f1a de hoxe Xabier Vizca\u00edno volveu o Liceo de Ourense cun novo traballo \u00edntegramente en galego. Un libro disco que leva por t\u00edtulo \u201cNeno de Monte\u201d onde fai unha homenaje ao mundo rural, \u00f3 monte\u00a0 onde reside o autor. O traballo conta con cinco relatos que rescatou da lingua de seus av\u00f3s e onde puxo as s\u00faas maneiras tamen como contador de historias. A estes relatos danlles abrigo seis canci\u00f3ns con tintes ac\u00fasticos moi ben engrasadas e que contan historias que foron creadas na Palleira, o estudo de traballo que Xabier ten en Goo, no Incio, na Terra Brava de Anxel Fole. Eso lle da forza para seguir facendo cami\u00f1o nesta carreira de fondo.<\/h3>\n<h3>Esta actividade levouse a cabo o amparo do \u00abPlan de reactivaci\u00f3n dos sectores cultural e tur\u00edstico fronte aos efectos da COVID-19\u2033, da Conseller\u00eda de Cultura e Turismo, Secretar\u00eda Xeral de Pol\u00edtica Ling\u00fcistica, da Xunta de Galicia\u00bb, a quen lle queremos dar a gracias por acoller tan ben esta idea.<\/h3>\n<h3>Esta actividade levouse a cabo con todas as medidas e os \u00a0aforos derivados do Covid-19. Gracias a todos os que acudistes, e todos aqueles, que foron moitos que quedaron sen sitio.<\/h3>\n<p><a href=\"http:\/\/www.liceodeourense.com\/2.0\/?attachment_id=12245\" rel=\"attachment wp-att-12245\"><img loading=\"lazy\" decoding=\"async\" class=\"alignleft  wp-image-12245\" src=\"https:\/\/www.liceodeourense.com\/2.0\/wp-content\/uploads\/IMG_20201122_181818.jpg\" alt=\"\" width=\"730\" height=\"547\" srcset=\"https:\/\/www.liceodeourense.com\/2.0\/wp-content\/uploads\/IMG_20201122_181818.jpg 730w, https:\/\/www.liceodeourense.com\/2.0\/wp-content\/uploads\/IMG_20201122_181818-300x225.jpg 300w\" sizes=\"auto, (max-width: 730px) 100vw, 730px\" \/><\/a><a href=\"http:\/\/www.liceodeourense.com\/2.0\/?attachment_id=12241\" rel=\"attachment wp-att-12241\"><img loading=\"lazy\" decoding=\"async\" class=\"alignleft  wp-image-12241\" src=\"https:\/\/www.liceodeourense.com\/2.0\/wp-content\/uploads\/VIZCAINO-AGOTADAS.jpg\" alt=\"\" width=\"772\" height=\"1076\" \/><\/a><\/p>\n<p>&nbsp;<\/p>\n","protected":false},"excerpt":{"rendered":"<p>Na tardi\u00f1a de hoxe Xabier Vizca\u00edno volveu o Liceo de Ourense cun novo traballo \u00edntegramente en galego. Un libro disco que leva por t\u00edtulo \u201cNeno de Monte\u201d onde fai unha homenaje ao mundo rural, \u00f3 monte\u00a0 onde reside o autor. O traballo conta con cinco relatos que rescatou da lingua de seus av\u00f3s e onde [&hellip;]<\/p>\n","protected":false},"author":2,"featured_media":0,"comment_status":"open","ping_status":"closed","sticky":false,"template":"","format":"standard","meta":{"footnotes":""},"categories":[5,21],"tags":[],"class_list":["post-12243","post","type-post","status-publish","format-standard","hentry","category-musica","category-musica-concertos-patio-de-columnas"],"_links":{"self":[{"href":"http:\/\/www.liceodeourense.com\/2.0\/index.php?rest_route=\/wp\/v2\/posts\/12243","targetHints":{"allow":["GET"]}}],"collection":[{"href":"http:\/\/www.liceodeourense.com\/2.0\/index.php?rest_route=\/wp\/v2\/posts"}],"about":[{"href":"http:\/\/www.liceodeourense.com\/2.0\/index.php?rest_route=\/wp\/v2\/types\/post"}],"author":[{"embeddable":true,"href":"http:\/\/www.liceodeourense.com\/2.0\/index.php?rest_route=\/wp\/v2\/users\/2"}],"replies":[{"embeddable":true,"href":"http:\/\/www.liceodeourense.com\/2.0\/index.php?rest_route=%2Fwp%2Fv2%2Fcomments&post=12243"}],"version-history":[{"count":1,"href":"http:\/\/www.liceodeourense.com\/2.0\/index.php?rest_route=\/wp\/v2\/posts\/12243\/revisions"}],"predecessor-version":[{"id":12246,"href":"http:\/\/www.liceodeourense.com\/2.0\/index.php?rest_route=\/wp\/v2\/posts\/12243\/revisions\/12246"}],"wp:attachment":[{"href":"http:\/\/www.liceodeourense.com\/2.0\/index.php?rest_route=%2Fwp%2Fv2%2Fmedia&parent=12243"}],"wp:term":[{"taxonomy":"category","embeddable":true,"href":"http:\/\/www.liceodeourense.com\/2.0\/index.php?rest_route=%2Fwp%2Fv2%2Fcategories&post=12243"},{"taxonomy":"post_tag","embeddable":true,"href":"http:\/\/www.liceodeourense.com\/2.0\/index.php?rest_route=%2Fwp%2Fv2%2Ftags&post=12243"}],"curies":[{"name":"wp","href":"https:\/\/api.w.org\/{rel}","templated":true}]}}