{"id":12176,"date":"2020-11-11T14:05:20","date_gmt":"2020-11-11T13:05:20","guid":{"rendered":"http:\/\/www.liceodeourense.com\/2.0\/?p=12176"},"modified":"2020-11-12T10:23:57","modified_gmt":"2020-11-12T09:23:57","slug":"conciertazo-de-alfonso-medela-trio-jazz","status":"publish","type":"post","link":"http:\/\/www.liceodeourense.com\/2.0\/?p=12176","title":{"rendered":"CONCIERTAZO DE ALFONSO MEDELA TRIO JAZZ"},"content":{"rendered":"<h3><a href=\"http:\/\/www.liceodeourense.com\/2.0\/?attachment_id=12177\" rel=\"attachment wp-att-12177\"><img loading=\"lazy\" decoding=\"async\" class=\" wp-image-12177 alignnone\" src=\"https:\/\/www.liceodeourense.com\/2.0\/wp-content\/uploads\/ALFONSO-MEDELA-TRIO-01.jpg\" alt=\"\" width=\"866\" height=\"515\" srcset=\"https:\/\/www.liceodeourense.com\/2.0\/wp-content\/uploads\/ALFONSO-MEDELA-TRIO-01.jpg 866w, https:\/\/www.liceodeourense.com\/2.0\/wp-content\/uploads\/ALFONSO-MEDELA-TRIO-01-300x178.jpg 300w, https:\/\/www.liceodeourense.com\/2.0\/wp-content\/uploads\/ALFONSO-MEDELA-TRIO-01-768x457.jpg 768w\" sizes=\"auto, (max-width: 866px) 100vw, 866px\" \/><\/a><\/h3>\n<h3>Tivo lugar hoxe , d\u00eda de San Marti\u00f1o, no Sal\u00f3n Noble do Liceo, e nun horario non moi habitual, as 12.00 horas, un concerto do\u00a0 tr\u00edo formado por Alfonso Medela, Manuel Lorenzo Tabar\u00e9s e Luis P\u00e9rez Vivas, que ofreceron un Concertazo de Jazz, repasando obras m\u00e1is o menos populares levada o mundo do jazz.. Un gustazo poder contar von vos no Liceo, moitas gracias, e tam\u00e9n moitas gracias os que acudistes a esta cita marcada polas limitaci\u00f3ns e aforos derivados do Covid-19.<\/h3>\n<p><a href=\"http:\/\/www.liceodeourense.com\/2.0\/?attachment_id=12178\" rel=\"attachment wp-att-12178\"><img loading=\"lazy\" decoding=\"async\" class=\"alignleft size-full wp-image-12178\" src=\"https:\/\/www.liceodeourense.com\/2.0\/wp-content\/uploads\/ALFONSO-MEDELA-TRIO-02.jpg\" alt=\"\" width=\"912\" height=\"684\" srcset=\"https:\/\/www.liceodeourense.com\/2.0\/wp-content\/uploads\/ALFONSO-MEDELA-TRIO-02.jpg 912w, https:\/\/www.liceodeourense.com\/2.0\/wp-content\/uploads\/ALFONSO-MEDELA-TRIO-02-300x225.jpg 300w, https:\/\/www.liceodeourense.com\/2.0\/wp-content\/uploads\/ALFONSO-MEDELA-TRIO-02-768x576.jpg 768w\" sizes=\"auto, (max-width: 912px) 100vw, 912px\" \/><\/a> <a href=\"http:\/\/www.liceodeourense.com\/2.0\/?attachment_id=12179\" rel=\"attachment wp-att-12179\"><img loading=\"lazy\" decoding=\"async\" class=\"alignleft size-full wp-image-12179\" src=\"https:\/\/www.liceodeourense.com\/2.0\/wp-content\/uploads\/ALFONSO-MEDELA-TRIO-03.jpg\" alt=\"\" width=\"912\" height=\"684\" srcset=\"https:\/\/www.liceodeourense.com\/2.0\/wp-content\/uploads\/ALFONSO-MEDELA-TRIO-03.jpg 912w, https:\/\/www.liceodeourense.com\/2.0\/wp-content\/uploads\/ALFONSO-MEDELA-TRIO-03-300x225.jpg 300w, https:\/\/www.liceodeourense.com\/2.0\/wp-content\/uploads\/ALFONSO-MEDELA-TRIO-03-768x576.jpg 768w\" sizes=\"auto, (max-width: 912px) 100vw, 912px\" \/><\/a> <a href=\"http:\/\/www.liceodeourense.com\/2.0\/?attachment_id=12180\" rel=\"attachment wp-att-12180\"><img loading=\"lazy\" decoding=\"async\" class=\"alignleft size-full wp-image-12180\" src=\"https:\/\/www.liceodeourense.com\/2.0\/wp-content\/uploads\/ALFONSO-MEDELA-TRIO-04.jpg\" alt=\"\" width=\"912\" height=\"684\" srcset=\"https:\/\/www.liceodeourense.com\/2.0\/wp-content\/uploads\/ALFONSO-MEDELA-TRIO-04.jpg 912w, https:\/\/www.liceodeourense.com\/2.0\/wp-content\/uploads\/ALFONSO-MEDELA-TRIO-04-300x225.jpg 300w, https:\/\/www.liceodeourense.com\/2.0\/wp-content\/uploads\/ALFONSO-MEDELA-TRIO-04-768x576.jpg 768w\" sizes=\"auto, (max-width: 912px) 100vw, 912px\" \/><\/a><a href=\"http:\/\/www.liceodeourense.com\/2.0\/?attachment_id=12068\" rel=\"attachment wp-att-12068\"><img loading=\"lazy\" decoding=\"async\" class=\"alignleft size-full wp-image-12068\" src=\"https:\/\/www.liceodeourense.com\/2.0\/wp-content\/uploads\/ALFONSO-MEDELA-TRIO.jpg\" alt=\"\" width=\"1283\" height=\"1814\" srcset=\"https:\/\/www.liceodeourense.com\/2.0\/wp-content\/uploads\/ALFONSO-MEDELA-TRIO.jpg 1283w, https:\/\/www.liceodeourense.com\/2.0\/wp-content\/uploads\/ALFONSO-MEDELA-TRIO-212x300.jpg 212w, https:\/\/www.liceodeourense.com\/2.0\/wp-content\/uploads\/ALFONSO-MEDELA-TRIO-724x1024.jpg 724w, https:\/\/www.liceodeourense.com\/2.0\/wp-content\/uploads\/ALFONSO-MEDELA-TRIO-768x1086.jpg 768w, https:\/\/www.liceodeourense.com\/2.0\/wp-content\/uploads\/ALFONSO-MEDELA-TRIO-1086x1536.jpg 1086w\" sizes=\"auto, (max-width: 1283px) 100vw, 1283px\" \/><\/a><\/p>\n<p>&nbsp;<\/p>\n","protected":false},"excerpt":{"rendered":"<p>Tivo lugar hoxe , d\u00eda de San Marti\u00f1o, no Sal\u00f3n Noble do Liceo, e nun horario non moi habitual, as 12.00 horas, un concerto do\u00a0 tr\u00edo formado por Alfonso Medela, Manuel Lorenzo Tabar\u00e9s e Luis P\u00e9rez Vivas, que ofreceron un Concertazo de Jazz, repasando obras m\u00e1is o menos populares levada o mundo do jazz.. Un [&hellip;]<\/p>\n","protected":false},"author":2,"featured_media":0,"comment_status":"open","ping_status":"closed","sticky":false,"template":"","format":"standard","meta":{"footnotes":""},"categories":[5,21],"tags":[],"class_list":["post-12176","post","type-post","status-publish","format-standard","hentry","category-musica","category-musica-concertos-patio-de-columnas"],"_links":{"self":[{"href":"http:\/\/www.liceodeourense.com\/2.0\/index.php?rest_route=\/wp\/v2\/posts\/12176","targetHints":{"allow":["GET"]}}],"collection":[{"href":"http:\/\/www.liceodeourense.com\/2.0\/index.php?rest_route=\/wp\/v2\/posts"}],"about":[{"href":"http:\/\/www.liceodeourense.com\/2.0\/index.php?rest_route=\/wp\/v2\/types\/post"}],"author":[{"embeddable":true,"href":"http:\/\/www.liceodeourense.com\/2.0\/index.php?rest_route=\/wp\/v2\/users\/2"}],"replies":[{"embeddable":true,"href":"http:\/\/www.liceodeourense.com\/2.0\/index.php?rest_route=%2Fwp%2Fv2%2Fcomments&post=12176"}],"version-history":[{"count":1,"href":"http:\/\/www.liceodeourense.com\/2.0\/index.php?rest_route=\/wp\/v2\/posts\/12176\/revisions"}],"predecessor-version":[{"id":12181,"href":"http:\/\/www.liceodeourense.com\/2.0\/index.php?rest_route=\/wp\/v2\/posts\/12176\/revisions\/12181"}],"wp:attachment":[{"href":"http:\/\/www.liceodeourense.com\/2.0\/index.php?rest_route=%2Fwp%2Fv2%2Fmedia&parent=12176"}],"wp:term":[{"taxonomy":"category","embeddable":true,"href":"http:\/\/www.liceodeourense.com\/2.0\/index.php?rest_route=%2Fwp%2Fv2%2Fcategories&post=12176"},{"taxonomy":"post_tag","embeddable":true,"href":"http:\/\/www.liceodeourense.com\/2.0\/index.php?rest_route=%2Fwp%2Fv2%2Ftags&post=12176"}],"curies":[{"name":"wp","href":"https:\/\/api.w.org\/{rel}","templated":true}]}}