{"id":12167,"date":"2020-11-10T10:46:26","date_gmt":"2020-11-10T09:46:26","guid":{"rendered":"http:\/\/www.liceodeourense.com\/2.0\/?p=12167"},"modified":"2020-11-10T10:48:08","modified_gmt":"2020-11-10T09:48:08","slug":"12167","status":"publish","type":"post","link":"http:\/\/www.liceodeourense.com\/2.0\/?p=12167","title":{"rendered":"Inauguraci\u00f3n de la XXX Exposici\u00f3n San Marti\u00f1o. Organizada pola Sociedade Filat\u00e9lica, Numism\u00e1tica e Vitolf\u00edlica MI\u00d1O"},"content":{"rendered":"<h3 data-adtags-visited=\"true\"><a href=\"http:\/\/www.liceodeourense.com\/2.0\/?attachment_id=12169\" rel=\"attachment wp-att-12169\"><img loading=\"lazy\" decoding=\"async\" class=\"alignleft wp-image-12169\" src=\"https:\/\/www.liceodeourense.com\/2.0\/wp-content\/uploads\/2020-11-09-san-martino-inauguracion-47.jpg\" alt=\"\" width=\"761\" height=\"504\" srcset=\"https:\/\/www.liceodeourense.com\/2.0\/wp-content\/uploads\/2020-11-09-san-martino-inauguracion-47.jpg 1200w, https:\/\/www.liceodeourense.com\/2.0\/wp-content\/uploads\/2020-11-09-san-martino-inauguracion-47-300x199.jpg 300w, https:\/\/www.liceodeourense.com\/2.0\/wp-content\/uploads\/2020-11-09-san-martino-inauguracion-47-1024x678.jpg 1024w, https:\/\/www.liceodeourense.com\/2.0\/wp-content\/uploads\/2020-11-09-san-martino-inauguracion-47-768x508.jpg 768w\" sizes=\"auto, (max-width: 761px) 100vw, 761px\" \/><\/a><\/h3>\n<h3 data-adtags-visited=\"true\">El 9 de noviembre de 2020 ten\u00eda lugar la inauguraci\u00f3n oficial de la XXX Exposici\u00f3n San Marti\u00f1o en el Liceo de Ourense. Han asistido al acto el Vicepresidente de la Diputaci\u00f3n, Rosendo Fern\u00e1ndez, el Vicepresidente del Liceo, Francisco Novoa; el Director de la Oficina Principal de Correos, Orlando Cid y miembros de la Corporaci\u00f3n Municipal. Representaba a la FEGASOFI, su secretaria, Marila Abad que junto con el Presidente de la Mi\u00f1o, Jos\u00e9 Barros, iniciaron el acto agradeciendo la presencia de los asistentes. Debido a las normas exigidas por la COVID-19, el aforo limitado al Sal\u00f3n Noble del Liceo hizo que algunos de los que se acercaron no pudieron acceder al recinto. \u00a1Gracias por acompa\u00f1arnos!<\/h3>\n<h3 data-adtags-visited=\"true\">Las palabras de las autoridades recordaban la dif\u00edcil situaci\u00f3n que se vive y pon\u00edan en valor el hecho de realizar la exposici\u00f3n.<\/h3>\n<h3 data-adtags-visited=\"true\">Rosendo Fern\u00e1ndez y Francisco Novoa descubr\u00edan el material filat\u00e9lico dedicado a San Marti\u00f1o de Sacardebois no Concello de Parada de Sil y una representaci\u00f3n de los j\u00f3venes filatelistas recog\u00edan sus diplomas.<\/h3>\n<h3 data-adtags-visited=\"true\">Con el matasellado oficial se daba por finalizado un emotivo acto con el deseo de que la pr\u00f3xima edici\u00f3n se pueda realizar en otras condiciones en las que todos gocemos de buena salud.<\/h3>\n<p><a href=\"http:\/\/www.liceodeourense.com\/2.0\/?attachment_id=12168\" rel=\"attachment wp-att-12168\"><img loading=\"lazy\" decoding=\"async\" class=\"alignleft wp-image-12168\" src=\"https:\/\/www.liceodeourense.com\/2.0\/wp-content\/uploads\/2020-11-09-san-martino-inauguracion-24.jpg\" alt=\"\" width=\"765\" height=\"506\" srcset=\"https:\/\/www.liceodeourense.com\/2.0\/wp-content\/uploads\/2020-11-09-san-martino-inauguracion-24.jpg 1200w, https:\/\/www.liceodeourense.com\/2.0\/wp-content\/uploads\/2020-11-09-san-martino-inauguracion-24-300x199.jpg 300w, https:\/\/www.liceodeourense.com\/2.0\/wp-content\/uploads\/2020-11-09-san-martino-inauguracion-24-1024x678.jpg 1024w, https:\/\/www.liceodeourense.com\/2.0\/wp-content\/uploads\/2020-11-09-san-martino-inauguracion-24-768x508.jpg 768w\" sizes=\"auto, (max-width: 765px) 100vw, 765px\" \/><\/a> <a href=\"http:\/\/www.liceodeourense.com\/2.0\/?attachment_id=12170\" rel=\"attachment wp-att-12170\"><img loading=\"lazy\" decoding=\"async\" class=\"alignleft wp-image-12170\" src=\"https:\/\/www.liceodeourense.com\/2.0\/wp-content\/uploads\/2020-11-09-san-martino-inauguracion-60.jpg\" alt=\"\" width=\"755\" height=\"500\" srcset=\"https:\/\/www.liceodeourense.com\/2.0\/wp-content\/uploads\/2020-11-09-san-martino-inauguracion-60.jpg 1500w, https:\/\/www.liceodeourense.com\/2.0\/wp-content\/uploads\/2020-11-09-san-martino-inauguracion-60-300x199.jpg 300w, https:\/\/www.liceodeourense.com\/2.0\/wp-content\/uploads\/2020-11-09-san-martino-inauguracion-60-1024x678.jpg 1024w, https:\/\/www.liceodeourense.com\/2.0\/wp-content\/uploads\/2020-11-09-san-martino-inauguracion-60-768x508.jpg 768w\" sizes=\"auto, (max-width: 755px) 100vw, 755px\" \/><\/a><a href=\"http:\/\/www.liceodeourense.com\/2.0\/?attachment_id=12126\" rel=\"attachment wp-att-12126\"><img loading=\"lazy\" decoding=\"async\" class=\"alignleft wp-image-12126\" src=\"https:\/\/www.liceodeourense.com\/2.0\/wp-content\/uploads\/122670268_3375665459195275_2013415337800918779_o.jpg\" alt=\"\" width=\"758\" height=\"1159\" srcset=\"https:\/\/www.liceodeourense.com\/2.0\/wp-content\/uploads\/122670268_3375665459195275_2013415337800918779_o.jpg 1339w, https:\/\/www.liceodeourense.com\/2.0\/wp-content\/uploads\/122670268_3375665459195275_2013415337800918779_o-196x300.jpg 196w, https:\/\/www.liceodeourense.com\/2.0\/wp-content\/uploads\/122670268_3375665459195275_2013415337800918779_o-670x1024.jpg 670w, https:\/\/www.liceodeourense.com\/2.0\/wp-content\/uploads\/122670268_3375665459195275_2013415337800918779_o-768x1175.jpg 768w, https:\/\/www.liceodeourense.com\/2.0\/wp-content\/uploads\/122670268_3375665459195275_2013415337800918779_o-1004x1536.jpg 1004w\" sizes=\"auto, (max-width: 758px) 100vw, 758px\" \/><\/a><\/p>\n","protected":false},"excerpt":{"rendered":"<p>El 9 de noviembre de 2020 ten\u00eda lugar la inauguraci\u00f3n oficial de la XXX Exposici\u00f3n San Marti\u00f1o en el Liceo de Ourense. Han asistido al acto el Vicepresidente de la Diputaci\u00f3n, Rosendo Fern\u00e1ndez, el Vicepresidente del Liceo, Francisco Novoa; el Director de la Oficina Principal de Correos, Orlando Cid y miembros de la Corporaci\u00f3n Municipal. [&hellip;]<\/p>\n","protected":false},"author":2,"featured_media":0,"comment_status":"open","ping_status":"closed","sticky":false,"template":"","format":"standard","meta":{"footnotes":""},"categories":[15],"tags":[],"class_list":["post-12167","post","type-post","status-publish","format-standard","hentry","category-exposicions"],"_links":{"self":[{"href":"http:\/\/www.liceodeourense.com\/2.0\/index.php?rest_route=\/wp\/v2\/posts\/12167","targetHints":{"allow":["GET"]}}],"collection":[{"href":"http:\/\/www.liceodeourense.com\/2.0\/index.php?rest_route=\/wp\/v2\/posts"}],"about":[{"href":"http:\/\/www.liceodeourense.com\/2.0\/index.php?rest_route=\/wp\/v2\/types\/post"}],"author":[{"embeddable":true,"href":"http:\/\/www.liceodeourense.com\/2.0\/index.php?rest_route=\/wp\/v2\/users\/2"}],"replies":[{"embeddable":true,"href":"http:\/\/www.liceodeourense.com\/2.0\/index.php?rest_route=%2Fwp%2Fv2%2Fcomments&post=12167"}],"version-history":[{"count":3,"href":"http:\/\/www.liceodeourense.com\/2.0\/index.php?rest_route=\/wp\/v2\/posts\/12167\/revisions"}],"predecessor-version":[{"id":12173,"href":"http:\/\/www.liceodeourense.com\/2.0\/index.php?rest_route=\/wp\/v2\/posts\/12167\/revisions\/12173"}],"wp:attachment":[{"href":"http:\/\/www.liceodeourense.com\/2.0\/index.php?rest_route=%2Fwp%2Fv2%2Fmedia&parent=12167"}],"wp:term":[{"taxonomy":"category","embeddable":true,"href":"http:\/\/www.liceodeourense.com\/2.0\/index.php?rest_route=%2Fwp%2Fv2%2Fcategories&post=12167"},{"taxonomy":"post_tag","embeddable":true,"href":"http:\/\/www.liceodeourense.com\/2.0\/index.php?rest_route=%2Fwp%2Fv2%2Ftags&post=12167"}],"curies":[{"name":"wp","href":"https:\/\/api.w.org\/{rel}","templated":true}]}}