{"id":11838,"date":"2020-03-02T12:11:17","date_gmt":"2020-03-02T11:11:17","guid":{"rendered":"http:\/\/www.liceodeourense.com\/2.0\/?p=11838"},"modified":"2020-03-04T12:18:27","modified_gmt":"2020-03-04T11:18:27","slug":"inaugruacion-de-la-exposicion-titulada-la-intumescencia-en-la-pintura-de-menchu-abril","status":"publish","type":"post","link":"http:\/\/www.liceodeourense.com\/2.0\/?p=11838","title":{"rendered":"INAUGRUACI\u00d3N de la exposici\u00f3n titulada \u00abLa intumescencia en la pintura\u00bb de Menchu Abril."},"content":{"rendered":"<h3><a href=\"http:\/\/www.liceodeourense.com\/2.0\/?attachment_id=11844\" rel=\"attachment wp-att-11844\"><img loading=\"lazy\" decoding=\"async\" class=\"wp-image-11844 alignleft\" src=\"https:\/\/www.liceodeourense.com\/2.0\/wp-content\/uploads\/EXPOSICION-MENCHU-ABRIL-6.jpg\" alt=\"\" width=\"382\" height=\"293\" \/><\/a><\/h3>\n<h3>El domingo pasado el claustro del Liceo acogi\u00f3 la inauguraci\u00f3n de la exposici\u00f3n titulada \u00abLa intumescencia en la pintura\u00bb de la artista Menchu Abril. En una reciente entrevista en La Voz, Abril se\u00f1alaba: \u00abEn esta muestra he querido presentar esos distintos estilos de mi pintura de los que habl\u00e1bamos. Hay obras art dec\u00f3 que pint\u00e9 en mis a\u00f1os en Bilbao, y que all\u00ed expon\u00eda en mi propia galer\u00eda de arte\u00bb. La pintora leonesa ha escogido sus mejores obras impresionistas y les ha sumado otros cuadros nuevos que ha pintado en concreto para la exposici\u00f3n en Ourense. Ha realizado un total de cinco desnudos, pintados desde un punto de vista elegante. Todas las obras son de gran formato. La muestra pict\u00f3rica se podr\u00e1 visitar en el claustro del Liceo durante todo el mes de marzo.<\/h3>\n<p><a href=\"http:\/\/www.liceodeourense.com\/2.0\/?attachment_id=11839\" rel=\"attachment wp-att-11839\"><img loading=\"lazy\" decoding=\"async\" class=\" wp-image-11839 alignleft\" src=\"https:\/\/www.liceodeourense.com\/2.0\/wp-content\/uploads\/EXPOSICION-MENCHU-ABRIL-1.jpg\" alt=\"\" width=\"745\" height=\"494\" srcset=\"https:\/\/www.liceodeourense.com\/2.0\/wp-content\/uploads\/EXPOSICION-MENCHU-ABRIL-1.jpg 986w, https:\/\/www.liceodeourense.com\/2.0\/wp-content\/uploads\/EXPOSICION-MENCHU-ABRIL-1-300x199.jpg 300w, https:\/\/www.liceodeourense.com\/2.0\/wp-content\/uploads\/EXPOSICION-MENCHU-ABRIL-1-768x509.jpg 768w\" sizes=\"auto, (max-width: 745px) 100vw, 745px\" \/><\/a> <a href=\"http:\/\/www.liceodeourense.com\/2.0\/?attachment_id=11840\" rel=\"attachment wp-att-11840\"><img loading=\"lazy\" decoding=\"async\" class=\" wp-image-11840 alignleft\" src=\"https:\/\/www.liceodeourense.com\/2.0\/wp-content\/uploads\/EXPOSICION-MENCHU-ABRIL-2.jpg\" alt=\"\" width=\"741\" height=\"491\" srcset=\"https:\/\/www.liceodeourense.com\/2.0\/wp-content\/uploads\/EXPOSICION-MENCHU-ABRIL-2.jpg 986w, https:\/\/www.liceodeourense.com\/2.0\/wp-content\/uploads\/EXPOSICION-MENCHU-ABRIL-2-300x199.jpg 300w, https:\/\/www.liceodeourense.com\/2.0\/wp-content\/uploads\/EXPOSICION-MENCHU-ABRIL-2-768x509.jpg 768w\" sizes=\"auto, (max-width: 741px) 100vw, 741px\" \/><\/a> <a href=\"http:\/\/www.liceodeourense.com\/2.0\/?attachment_id=11841\" rel=\"attachment wp-att-11841\"><img loading=\"lazy\" decoding=\"async\" class=\" wp-image-11841 alignleft\" src=\"https:\/\/www.liceodeourense.com\/2.0\/wp-content\/uploads\/EXPOSICION-MENCHU-ABRIL-3.jpg\" alt=\"\" width=\"742\" height=\"551\" srcset=\"https:\/\/www.liceodeourense.com\/2.0\/wp-content\/uploads\/EXPOSICION-MENCHU-ABRIL-3.jpg 875w, https:\/\/www.liceodeourense.com\/2.0\/wp-content\/uploads\/EXPOSICION-MENCHU-ABRIL-3-300x223.jpg 300w, https:\/\/www.liceodeourense.com\/2.0\/wp-content\/uploads\/EXPOSICION-MENCHU-ABRIL-3-768x571.jpg 768w\" sizes=\"auto, (max-width: 742px) 100vw, 742px\" \/><\/a> <a href=\"http:\/\/www.liceodeourense.com\/2.0\/?attachment_id=11842\" rel=\"attachment wp-att-11842\"><img loading=\"lazy\" decoding=\"async\" class=\"wp-image-11842 alignleft\" src=\"https:\/\/www.liceodeourense.com\/2.0\/wp-content\/uploads\/EXPOSICION-MENCHU-ABRIL-4.jpg\" alt=\"\" width=\"755\" height=\"500\" srcset=\"https:\/\/www.liceodeourense.com\/2.0\/wp-content\/uploads\/EXPOSICION-MENCHU-ABRIL-4.jpg 986w, https:\/\/www.liceodeourense.com\/2.0\/wp-content\/uploads\/EXPOSICION-MENCHU-ABRIL-4-300x199.jpg 300w, https:\/\/www.liceodeourense.com\/2.0\/wp-content\/uploads\/EXPOSICION-MENCHU-ABRIL-4-768x509.jpg 768w\" sizes=\"auto, (max-width: 755px) 100vw, 755px\" \/><\/a> <a href=\"http:\/\/www.liceodeourense.com\/2.0\/?attachment_id=11843\" rel=\"attachment wp-att-11843\"><img loading=\"lazy\" decoding=\"async\" class=\" wp-image-11843 alignleft\" src=\"https:\/\/www.liceodeourense.com\/2.0\/wp-content\/uploads\/EXPOSICION-MENCHU-ABRIL-5.jpg\" alt=\"\" width=\"752\" height=\"498\" srcset=\"https:\/\/www.liceodeourense.com\/2.0\/wp-content\/uploads\/EXPOSICION-MENCHU-ABRIL-5.jpg 986w, https:\/\/www.liceodeourense.com\/2.0\/wp-content\/uploads\/EXPOSICION-MENCHU-ABRIL-5-300x199.jpg 300w, https:\/\/www.liceodeourense.com\/2.0\/wp-content\/uploads\/EXPOSICION-MENCHU-ABRIL-5-768x509.jpg 768w\" sizes=\"auto, (max-width: 752px) 100vw, 752px\" \/><\/a><\/p>\n<p>&nbsp;<\/p>\n","protected":false},"excerpt":{"rendered":"<p>El domingo pasado el claustro del Liceo acogi\u00f3 la inauguraci\u00f3n de la exposici\u00f3n titulada \u00abLa intumescencia en la pintura\u00bb de la artista Menchu Abril. En una reciente entrevista en La Voz, Abril se\u00f1alaba: \u00abEn esta muestra he querido presentar esos distintos estilos de mi pintura de los que habl\u00e1bamos. Hay obras art dec\u00f3 que pint\u00e9 [&hellip;]<\/p>\n","protected":false},"author":2,"featured_media":0,"comment_status":"open","ping_status":"closed","sticky":false,"template":"","format":"standard","meta":{"footnotes":""},"categories":[15],"tags":[],"class_list":["post-11838","post","type-post","status-publish","format-standard","hentry","category-exposicions"],"_links":{"self":[{"href":"http:\/\/www.liceodeourense.com\/2.0\/index.php?rest_route=\/wp\/v2\/posts\/11838","targetHints":{"allow":["GET"]}}],"collection":[{"href":"http:\/\/www.liceodeourense.com\/2.0\/index.php?rest_route=\/wp\/v2\/posts"}],"about":[{"href":"http:\/\/www.liceodeourense.com\/2.0\/index.php?rest_route=\/wp\/v2\/types\/post"}],"author":[{"embeddable":true,"href":"http:\/\/www.liceodeourense.com\/2.0\/index.php?rest_route=\/wp\/v2\/users\/2"}],"replies":[{"embeddable":true,"href":"http:\/\/www.liceodeourense.com\/2.0\/index.php?rest_route=%2Fwp%2Fv2%2Fcomments&post=11838"}],"version-history":[{"count":1,"href":"http:\/\/www.liceodeourense.com\/2.0\/index.php?rest_route=\/wp\/v2\/posts\/11838\/revisions"}],"predecessor-version":[{"id":11845,"href":"http:\/\/www.liceodeourense.com\/2.0\/index.php?rest_route=\/wp\/v2\/posts\/11838\/revisions\/11845"}],"wp:attachment":[{"href":"http:\/\/www.liceodeourense.com\/2.0\/index.php?rest_route=%2Fwp%2Fv2%2Fmedia&parent=11838"}],"wp:term":[{"taxonomy":"category","embeddable":true,"href":"http:\/\/www.liceodeourense.com\/2.0\/index.php?rest_route=%2Fwp%2Fv2%2Fcategories&post=11838"},{"taxonomy":"post_tag","embeddable":true,"href":"http:\/\/www.liceodeourense.com\/2.0\/index.php?rest_route=%2Fwp%2Fv2%2Ftags&post=11838"}],"curies":[{"name":"wp","href":"https:\/\/api.w.org\/{rel}","templated":true}]}}