{"id":11633,"date":"2020-01-28T12:14:08","date_gmt":"2020-01-28T11:14:08","guid":{"rendered":"http:\/\/www.liceodeourense.com\/2.0\/?p=11633"},"modified":"2020-01-28T12:14:27","modified_gmt":"2020-01-28T11:14:27","slug":"firma-convenio-entre-el-liceo-de-ourense-y-el-colegio-oficial-de-farmaceuticos","status":"publish","type":"post","link":"http:\/\/www.liceodeourense.com\/2.0\/?p=11633","title":{"rendered":"FIRMA CONVENIO ENTRE EL LICEO DE OURENSE Y EL COLEGIO OFICIAL DE FARMAC\u00c9UTICOS"},"content":{"rendered":"<h3 align=\"JUSTIFY\"><a href=\"http:\/\/www.liceodeourense.com\/2.0\/?attachment_id=11634\" rel=\"attachment wp-att-11634\"><img loading=\"lazy\" decoding=\"async\" class=\"size-full wp-image-11634 alignleft\" src=\"https:\/\/www.liceodeourense.com\/2.0\/wp-content\/uploads\/CONVENIO-COLEGIO-FARMACEU-2.jpg\" alt=\"\" width=\"547\" height=\"730\" srcset=\"https:\/\/www.liceodeourense.com\/2.0\/wp-content\/uploads\/CONVENIO-COLEGIO-FARMACEU-2.jpg 547w, https:\/\/www.liceodeourense.com\/2.0\/wp-content\/uploads\/CONVENIO-COLEGIO-FARMACEU-2-225x300.jpg 225w\" sizes=\"auto, (max-width: 547px) 100vw, 547px\" \/><\/a><\/h3>\n<h3 align=\"JUSTIFY\">Javier Casares Mouri\u00f1o. Presidente del Liceo de Ourense, y Santiago Leyes Vence, Presidente Colegio Oficial de Farmac\u00e9uticos de Ourense, firmaron esta ma\u00f1ana un \u00abConvenio de Colaboraci\u00f3n\u00bb en el que manifiestan la voluntad de establecer un v\u00ednculo entre ambas instituciones con la finalidad de beneficiar a los asociados de ambas entidades y buscar la conjunci\u00f3n de ideas y actuaciones en pro del desarrollo cultural, intelectual y econ\u00f3mico de los ciudadanos de Ourense.<\/h3>\n<p><a href=\"http:\/\/www.liceodeourense.com\/2.0\/?attachment_id=11635\" rel=\"attachment wp-att-11635\"><img loading=\"lazy\" decoding=\"async\" class=\"alignright size-full wp-image-11635\" src=\"https:\/\/www.liceodeourense.com\/2.0\/wp-content\/uploads\/FRIMA-CONVENIO-COLEGIO-FARM.jpg\" alt=\"\" width=\"803\" height=\"602\" srcset=\"https:\/\/www.liceodeourense.com\/2.0\/wp-content\/uploads\/FRIMA-CONVENIO-COLEGIO-FARM.jpg 803w, https:\/\/www.liceodeourense.com\/2.0\/wp-content\/uploads\/FRIMA-CONVENIO-COLEGIO-FARM-300x225.jpg 300w, https:\/\/www.liceodeourense.com\/2.0\/wp-content\/uploads\/FRIMA-CONVENIO-COLEGIO-FARM-768x576.jpg 768w\" sizes=\"auto, (max-width: 803px) 100vw, 803px\" \/><\/a><\/p>\n","protected":false},"excerpt":{"rendered":"<p>Javier Casares Mouri\u00f1o. Presidente del Liceo de Ourense, y Santiago Leyes Vence, Presidente Colegio Oficial de Farmac\u00e9uticos de Ourense, firmaron esta ma\u00f1ana un \u00abConvenio de Colaboraci\u00f3n\u00bb en el que manifiestan la voluntad de establecer un v\u00ednculo entre ambas instituciones con la finalidad de beneficiar a los asociados de ambas entidades y buscar la conjunci\u00f3n de [&hellip;]<\/p>\n","protected":false},"author":2,"featured_media":0,"comment_status":"open","ping_status":"closed","sticky":false,"template":"","format":"standard","meta":{"footnotes":""},"categories":[24,38],"tags":[],"class_list":["post-11633","post","type-post","status-publish","format-standard","hentry","category-actividade-social","category-foro-liceo"],"_links":{"self":[{"href":"http:\/\/www.liceodeourense.com\/2.0\/index.php?rest_route=\/wp\/v2\/posts\/11633","targetHints":{"allow":["GET"]}}],"collection":[{"href":"http:\/\/www.liceodeourense.com\/2.0\/index.php?rest_route=\/wp\/v2\/posts"}],"about":[{"href":"http:\/\/www.liceodeourense.com\/2.0\/index.php?rest_route=\/wp\/v2\/types\/post"}],"author":[{"embeddable":true,"href":"http:\/\/www.liceodeourense.com\/2.0\/index.php?rest_route=\/wp\/v2\/users\/2"}],"replies":[{"embeddable":true,"href":"http:\/\/www.liceodeourense.com\/2.0\/index.php?rest_route=%2Fwp%2Fv2%2Fcomments&post=11633"}],"version-history":[{"count":2,"href":"http:\/\/www.liceodeourense.com\/2.0\/index.php?rest_route=\/wp\/v2\/posts\/11633\/revisions"}],"predecessor-version":[{"id":11637,"href":"http:\/\/www.liceodeourense.com\/2.0\/index.php?rest_route=\/wp\/v2\/posts\/11633\/revisions\/11637"}],"wp:attachment":[{"href":"http:\/\/www.liceodeourense.com\/2.0\/index.php?rest_route=%2Fwp%2Fv2%2Fmedia&parent=11633"}],"wp:term":[{"taxonomy":"category","embeddable":true,"href":"http:\/\/www.liceodeourense.com\/2.0\/index.php?rest_route=%2Fwp%2Fv2%2Fcategories&post=11633"},{"taxonomy":"post_tag","embeddable":true,"href":"http:\/\/www.liceodeourense.com\/2.0\/index.php?rest_route=%2Fwp%2Fv2%2Ftags&post=11633"}],"curies":[{"name":"wp","href":"https:\/\/api.w.org\/{rel}","templated":true}]}}