{"id":11468,"date":"2019-12-28T19:05:38","date_gmt":"2019-12-28T18:05:38","guid":{"rendered":"http:\/\/www.liceodeourense.com\/2.0\/?p=11468"},"modified":"2019-12-30T19:09:57","modified_gmt":"2019-12-30T18:09:57","slug":"concierto-de-fin-de-ano-de-etiqueta-negra","status":"publish","type":"post","link":"http:\/\/www.liceodeourense.com\/2.0\/?p=11468","title":{"rendered":"CONCIERTO DE FIN DE A\u00d1O DE ETIQUETA NEGRA."},"content":{"rendered":"<h3><a href=\"http:\/\/www.liceodeourense.com\/2.0\/?attachment_id=11474\" rel=\"attachment wp-att-11474\"><img loading=\"lazy\" decoding=\"async\" class=\"wp-image-11474 alignleft\" src=\"https:\/\/www.liceodeourense.com\/2.0\/wp-content\/uploads\/ETIQUETA-NEGRA-DICIEMBRE-19-6.jpg\" alt=\"\" width=\"753\" height=\"1004\" srcset=\"https:\/\/www.liceodeourense.com\/2.0\/wp-content\/uploads\/ETIQUETA-NEGRA-DICIEMBRE-19-6.jpg 845w, https:\/\/www.liceodeourense.com\/2.0\/wp-content\/uploads\/ETIQUETA-NEGRA-DICIEMBRE-19-6-225x300.jpg 225w, https:\/\/www.liceodeourense.com\/2.0\/wp-content\/uploads\/ETIQUETA-NEGRA-DICIEMBRE-19-6-768x1023.jpg 768w\" sizes=\"auto, (max-width: 753px) 100vw, 753px\" \/><\/a><\/h3>\n<h3>Como ya es habitual, cada \u00faltimo viernes de mes, y esta ocasi\u00f3n como \u00faltimo viernes del a\u00f1o, nuestros amigos de ETIQUETA NEGRA cumplieron con la CITA, un conciertazo muy especial, con muchas sorpresas, con mucha m\u00fasica de estilo, y sobre todo con muy buen humor, pasamos una noche incre\u00edble, divertid\u00edsima, gracias por todo&#8230; seguimos todos los ultimos viernes de mes del a\u00f1o que viene&#8230; FELIZ A\u00d1O a TODOS.<\/h3>\n<p><a href=\"http:\/\/www.liceodeourense.com\/2.0\/?attachment_id=11469\" rel=\"attachment wp-att-11469\"><img loading=\"lazy\" decoding=\"async\" class=\"size-full wp-image-11469 alignleft\" src=\"https:\/\/www.liceodeourense.com\/2.0\/wp-content\/uploads\/ETIQUETA-NEGRA-DICIEMBRE-19-1.jpg\" alt=\"\" width=\"803\" height=\"602\" srcset=\"https:\/\/www.liceodeourense.com\/2.0\/wp-content\/uploads\/ETIQUETA-NEGRA-DICIEMBRE-19-1.jpg 803w, https:\/\/www.liceodeourense.com\/2.0\/wp-content\/uploads\/ETIQUETA-NEGRA-DICIEMBRE-19-1-300x225.jpg 300w, https:\/\/www.liceodeourense.com\/2.0\/wp-content\/uploads\/ETIQUETA-NEGRA-DICIEMBRE-19-1-768x576.jpg 768w\" sizes=\"auto, (max-width: 803px) 100vw, 803px\" \/><\/a> <a href=\"http:\/\/www.liceodeourense.com\/2.0\/?attachment_id=11470\" rel=\"attachment wp-att-11470\"><img loading=\"lazy\" decoding=\"async\" class=\"size-full wp-image-11470 alignleft\" src=\"https:\/\/www.liceodeourense.com\/2.0\/wp-content\/uploads\/ETIQUETA-NEGRA-DICIEMBRE-19-2.jpg\" alt=\"\" width=\"1126\" height=\"845\" srcset=\"https:\/\/www.liceodeourense.com\/2.0\/wp-content\/uploads\/ETIQUETA-NEGRA-DICIEMBRE-19-2.jpg 1126w, https:\/\/www.liceodeourense.com\/2.0\/wp-content\/uploads\/ETIQUETA-NEGRA-DICIEMBRE-19-2-300x225.jpg 300w, https:\/\/www.liceodeourense.com\/2.0\/wp-content\/uploads\/ETIQUETA-NEGRA-DICIEMBRE-19-2-1024x768.jpg 1024w, https:\/\/www.liceodeourense.com\/2.0\/wp-content\/uploads\/ETIQUETA-NEGRA-DICIEMBRE-19-2-768x576.jpg 768w\" sizes=\"auto, (max-width: 1126px) 100vw, 1126px\" \/><\/a> <a href=\"http:\/\/www.liceodeourense.com\/2.0\/?attachment_id=11471\" rel=\"attachment wp-att-11471\"><img loading=\"lazy\" decoding=\"async\" class=\"size-full wp-image-11471 alignleft\" src=\"https:\/\/www.liceodeourense.com\/2.0\/wp-content\/uploads\/ETIQUETA-NEGRA-DICIEMBRE-19-3.jpg\" alt=\"\" width=\"803\" height=\"602\" srcset=\"https:\/\/www.liceodeourense.com\/2.0\/wp-content\/uploads\/ETIQUETA-NEGRA-DICIEMBRE-19-3.jpg 803w, https:\/\/www.liceodeourense.com\/2.0\/wp-content\/uploads\/ETIQUETA-NEGRA-DICIEMBRE-19-3-300x225.jpg 300w, https:\/\/www.liceodeourense.com\/2.0\/wp-content\/uploads\/ETIQUETA-NEGRA-DICIEMBRE-19-3-768x576.jpg 768w\" sizes=\"auto, (max-width: 803px) 100vw, 803px\" \/><\/a> <a href=\"http:\/\/www.liceodeourense.com\/2.0\/?attachment_id=11472\" rel=\"attachment wp-att-11472\"><img loading=\"lazy\" decoding=\"async\" class=\"size-full wp-image-11472 alignleft\" src=\"https:\/\/www.liceodeourense.com\/2.0\/wp-content\/uploads\/ETIQUETA-NEGRA-DICIEMBRE-19-4.jpg\" alt=\"\" width=\"803\" height=\"602\" srcset=\"https:\/\/www.liceodeourense.com\/2.0\/wp-content\/uploads\/ETIQUETA-NEGRA-DICIEMBRE-19-4.jpg 803w, https:\/\/www.liceodeourense.com\/2.0\/wp-content\/uploads\/ETIQUETA-NEGRA-DICIEMBRE-19-4-300x225.jpg 300w, https:\/\/www.liceodeourense.com\/2.0\/wp-content\/uploads\/ETIQUETA-NEGRA-DICIEMBRE-19-4-768x576.jpg 768w\" sizes=\"auto, (max-width: 803px) 100vw, 803px\" \/><\/a> <a href=\"http:\/\/www.liceodeourense.com\/2.0\/?attachment_id=11473\" rel=\"attachment wp-att-11473\"><img loading=\"lazy\" decoding=\"async\" class=\"size-full wp-image-11473 alignleft\" src=\"https:\/\/www.liceodeourense.com\/2.0\/wp-content\/uploads\/ETIQUETA-NEGRA-DICIEMBRE-19-5.jpg\" alt=\"\" width=\"803\" height=\"602\" srcset=\"https:\/\/www.liceodeourense.com\/2.0\/wp-content\/uploads\/ETIQUETA-NEGRA-DICIEMBRE-19-5.jpg 803w, https:\/\/www.liceodeourense.com\/2.0\/wp-content\/uploads\/ETIQUETA-NEGRA-DICIEMBRE-19-5-300x225.jpg 300w, https:\/\/www.liceodeourense.com\/2.0\/wp-content\/uploads\/ETIQUETA-NEGRA-DICIEMBRE-19-5-768x576.jpg 768w\" sizes=\"auto, (max-width: 803px) 100vw, 803px\" \/><\/a><a href=\"http:\/\/www.liceodeourense.com\/2.0\/?attachment_id=11374\" rel=\"attachment wp-att-11374\"><img loading=\"lazy\" decoding=\"async\" class=\"wp-image-11374 alignleft\" src=\"https:\/\/www.liceodeourense.com\/2.0\/wp-content\/uploads\/ETIQUETA-NEGRA-18.jpg\" alt=\"\" width=\"751\" height=\"1061\" srcset=\"https:\/\/www.liceodeourense.com\/2.0\/wp-content\/uploads\/ETIQUETA-NEGRA-18.jpg 1191w, https:\/\/www.liceodeourense.com\/2.0\/wp-content\/uploads\/ETIQUETA-NEGRA-18-212x300.jpg 212w, https:\/\/www.liceodeourense.com\/2.0\/wp-content\/uploads\/ETIQUETA-NEGRA-18-725x1024.jpg 725w, https:\/\/www.liceodeourense.com\/2.0\/wp-content\/uploads\/ETIQUETA-NEGRA-18-768x1085.jpg 768w, https:\/\/www.liceodeourense.com\/2.0\/wp-content\/uploads\/ETIQUETA-NEGRA-18-1087x1536.jpg 1087w\" sizes=\"auto, (max-width: 751px) 100vw, 751px\" \/><\/a><\/p>\n","protected":false},"excerpt":{"rendered":"<p>Como ya es habitual, cada \u00faltimo viernes de mes, y esta ocasi\u00f3n como \u00faltimo viernes del a\u00f1o, nuestros amigos de ETIQUETA NEGRA cumplieron con la CITA, un conciertazo muy especial, con muchas sorpresas, con mucha m\u00fasica de estilo, y sobre todo con muy buen humor, pasamos una noche incre\u00edble, divertid\u00edsima, gracias por todo&#8230; seguimos todos [&hellip;]<\/p>\n","protected":false},"author":2,"featured_media":0,"comment_status":"open","ping_status":"closed","sticky":false,"template":"","format":"standard","meta":{"footnotes":""},"categories":[21],"tags":[],"class_list":["post-11468","post","type-post","status-publish","format-standard","hentry","category-musica-concertos-patio-de-columnas"],"_links":{"self":[{"href":"http:\/\/www.liceodeourense.com\/2.0\/index.php?rest_route=\/wp\/v2\/posts\/11468","targetHints":{"allow":["GET"]}}],"collection":[{"href":"http:\/\/www.liceodeourense.com\/2.0\/index.php?rest_route=\/wp\/v2\/posts"}],"about":[{"href":"http:\/\/www.liceodeourense.com\/2.0\/index.php?rest_route=\/wp\/v2\/types\/post"}],"author":[{"embeddable":true,"href":"http:\/\/www.liceodeourense.com\/2.0\/index.php?rest_route=\/wp\/v2\/users\/2"}],"replies":[{"embeddable":true,"href":"http:\/\/www.liceodeourense.com\/2.0\/index.php?rest_route=%2Fwp%2Fv2%2Fcomments&post=11468"}],"version-history":[{"count":1,"href":"http:\/\/www.liceodeourense.com\/2.0\/index.php?rest_route=\/wp\/v2\/posts\/11468\/revisions"}],"predecessor-version":[{"id":11475,"href":"http:\/\/www.liceodeourense.com\/2.0\/index.php?rest_route=\/wp\/v2\/posts\/11468\/revisions\/11475"}],"wp:attachment":[{"href":"http:\/\/www.liceodeourense.com\/2.0\/index.php?rest_route=%2Fwp%2Fv2%2Fmedia&parent=11468"}],"wp:term":[{"taxonomy":"category","embeddable":true,"href":"http:\/\/www.liceodeourense.com\/2.0\/index.php?rest_route=%2Fwp%2Fv2%2Fcategories&post=11468"},{"taxonomy":"post_tag","embeddable":true,"href":"http:\/\/www.liceodeourense.com\/2.0\/index.php?rest_route=%2Fwp%2Fv2%2Ftags&post=11468"}],"curies":[{"name":"wp","href":"https:\/\/api.w.org\/{rel}","templated":true}]}}