{"id":17727,"global_id":"www.liceodeourense.com\/2.0?id=17727","global_id_lineage":["www.liceodeourense.com\/2.0?id=17727"],"author":"2","status":"publish","date":"2025-09-11 11:04:32","date_utc":"2025-09-11 10:04:32","modified":"2025-09-11 11:04:32","modified_utc":"2025-09-11 10:04:32","url":"http:\/\/www.liceodeourense.com\/2.0\/?tribe_events=presentacion-portada-nuevo-numero-de-la-revista-nos-a-xente-do-redor","rest_url":"http:\/\/www.liceodeourense.com\/2.0\/index.php?rest_route=\/tribe\/events\/v1\/events\/17727","title":"PRESENTACI\u00d3N PORTADA NUEVO N\u00daMERO DE LA REVISTA N\u00d3S A XENTE DO REDOR.","description":"","excerpt":"","slug":"presentacion-portada-nuevo-numero-de-la-revista-nos-a-xente-do-redor","image":{"url":"https:\/\/www.liceodeourense.com\/2.0\/wp-content\/uploads\/545146568_18475525450073598_5366354311076413221_n.jpg","id":17728,"extension":"jpg","width":1080,"height":1440,"filesize":100356,"sizes":{"medium":{"width":225,"height":300,"mime-type":"image\/jpeg","filesize":12546,"url":"https:\/\/www.liceodeourense.com\/2.0\/wp-content\/uploads\/545146568_18475525450073598_5366354311076413221_n-225x300.jpg"},"large":{"width":768,"height":1024,"mime-type":"image\/jpeg","filesize":72541,"url":"https:\/\/www.liceodeourense.com\/2.0\/wp-content\/uploads\/545146568_18475525450073598_5366354311076413221_n-768x1024.jpg"},"thumbnail":{"width":150,"height":150,"mime-type":"image\/jpeg","filesize":5453,"url":"https:\/\/www.liceodeourense.com\/2.0\/wp-content\/uploads\/545146568_18475525450073598_5366354311076413221_n-150x150.jpg"},"medium_large":{"width":768,"height":1024,"mime-type":"image\/jpeg","filesize":72541,"url":"https:\/\/www.liceodeourense.com\/2.0\/wp-content\/uploads\/545146568_18475525450073598_5366354311076413221_n-768x1024.jpg"}}},"all_day":false,"start_date":"2025-09-17 20:00:00","start_date_details":{"year":"2025","month":"09","day":"17","hour":"20","minutes":"00","seconds":"00"},"end_date":"2025-09-17 21:30:00","end_date_details":{"year":"2025","month":"09","day":"17","hour":"21","minutes":"30","seconds":"00"},"utc_start_date":"2025-09-17 19:00:00","utc_start_date_details":{"year":"2025","month":"09","day":"17","hour":"19","minutes":"00","seconds":"00"},"utc_end_date":"2025-09-17 20:30:00","utc_end_date_details":{"year":"2025","month":"09","day":"17","hour":"20","minutes":"30","seconds":"00"},"timezone":"UTC+1","timezone_abbr":"UTC+1","cost":"","cost_details":{"currency_symbol":"","currency_position":"prefix","values":[]},"website":"","show_map":true,"show_map_link":true,"hide_from_listings":false,"sticky":false,"featured":false,"categories":[{"name":"Presentaciones literarias","slug":"presentaciones-literarias","term_group":0,"term_taxonomy_id":35,"taxonomy":"tribe_events_cat","description":"","parent":29,"count":228,"filter":"raw","id":35,"urls":{"self":"http:\/\/www.liceodeourense.com\/2.0\/index.php?rest_route=\/tribe\/events\/v1\/categories\/35","collection":"http:\/\/www.liceodeourense.com\/2.0\/index.php?rest_route=\/tribe\/events\/v1\/categories","up":"http:\/\/www.liceodeourense.com\/2.0\/index.php?rest_route=\/tribe\/events\/v1\/categories\/29"}}],"tags":[],"venue":[],"organizer":[],"json_ld":{"@context":"http:\/\/schema.org","@type":"Event","name":"PRESENTACI\u00d3N PORTADA NUEVO N\u00daMERO DE LA REVISTA N\u00d3S A XENTE DO REDOR.","description":"","image":"https:\/\/www.liceodeourense.com\/2.0\/wp-content\/uploads\/545146568_18475525450073598_5366354311076413221_n.jpg","url":"http:\/\/www.liceodeourense.com\/2.0\/?tribe_events=presentacion-portada-nuevo-numero-de-la-revista-nos-a-xente-do-redor","startDate":"2025-09-17T20:00:00+01:00","endDate":"2025-09-17T21:30:00+01:00"}}