{"id":16709,"global_id":"www.liceodeourense.com\/2.0?id=16709","global_id_lineage":["www.liceodeourense.com\/2.0?id=16709"],"author":"2","status":"publish","date":"2024-09-16 08:55:00","date_utc":"2024-09-16 07:55:00","modified":"2024-09-16 08:55:00","modified_utc":"2024-09-16 07:55:00","url":"http:\/\/www.liceodeourense.com\/2.0\/?tribe_events=presentacion-do-libro-compilado-por-luis-lamela-los-anos-de-guerra-y-la-prision-provincial-de-a-coruna-memorias-de-un-recluso-domingo-quiroga","rest_url":"http:\/\/www.liceodeourense.com\/2.0\/index.php?rest_route=\/tribe\/events\/v1\/events\/16709","title":"Presentaci\u00f3n do libro compilado por Lu\u00eds Lamela: \u201cLos a\u00f1os de guerra y la prisi\u00f3n provincial de A Coru\u00f1a. Memorias de un recluso: Domingo Quiroga \u00ab","description":"","excerpt":"","slug":"presentacion-do-libro-compilado-por-luis-lamela-los-anos-de-guerra-y-la-prision-provincial-de-a-coruna-memorias-de-un-recluso-domingo-quiroga","image":{"url":"https:\/\/www.liceodeourense.com\/2.0\/wp-content\/uploads\/Cartaz_LamelaOurense.jpg","id":16710,"extension":"jpg","width":1429,"height":2000,"filesize":179507,"sizes":{"medium":{"width":214,"height":300,"mime-type":"image\/jpeg","filesize":10946,"url":"https:\/\/www.liceodeourense.com\/2.0\/wp-content\/uploads\/Cartaz_LamelaOurense-214x300.jpg"},"large":{"width":732,"height":1024,"mime-type":"image\/jpeg","filesize":66857,"url":"https:\/\/www.liceodeourense.com\/2.0\/wp-content\/uploads\/Cartaz_LamelaOurense-732x1024.jpg"},"thumbnail":{"width":150,"height":150,"mime-type":"image\/jpeg","filesize":4948,"url":"https:\/\/www.liceodeourense.com\/2.0\/wp-content\/uploads\/Cartaz_LamelaOurense-150x150.jpg"},"medium_large":{"width":768,"height":1075,"mime-type":"image\/jpeg","filesize":73994,"url":"https:\/\/www.liceodeourense.com\/2.0\/wp-content\/uploads\/Cartaz_LamelaOurense-768x1075.jpg"},"1536x1536":{"width":1097,"height":1536,"mime-type":"image\/jpeg","filesize":119978,"url":"https:\/\/www.liceodeourense.com\/2.0\/wp-content\/uploads\/Cartaz_LamelaOurense-1097x1536.jpg"}}},"all_day":false,"start_date":"2024-09-18 19:30:00","start_date_details":{"year":"2024","month":"09","day":"18","hour":"19","minutes":"30","seconds":"00"},"end_date":"2024-09-18 20:30:00","end_date_details":{"year":"2024","month":"09","day":"18","hour":"20","minutes":"30","seconds":"00"},"utc_start_date":"2024-09-18 18:30:00","utc_start_date_details":{"year":"2024","month":"09","day":"18","hour":"18","minutes":"30","seconds":"00"},"utc_end_date":"2024-09-18 19:30:00","utc_end_date_details":{"year":"2024","month":"09","day":"18","hour":"19","minutes":"30","seconds":"00"},"timezone":"UTC+1","timezone_abbr":"UTC+1","cost":"","cost_details":{"currency_symbol":"","currency_position":"prefix","values":[]},"website":"","show_map":true,"show_map_link":true,"hide_from_listings":false,"sticky":false,"featured":false,"categories":[{"name":"Presentaciones literarias","slug":"presentaciones-literarias","term_group":0,"term_taxonomy_id":35,"taxonomy":"tribe_events_cat","description":"","parent":29,"count":228,"filter":"raw","id":35,"urls":{"self":"http:\/\/www.liceodeourense.com\/2.0\/index.php?rest_route=\/tribe\/events\/v1\/categories\/35","collection":"http:\/\/www.liceodeourense.com\/2.0\/index.php?rest_route=\/tribe\/events\/v1\/categories","up":"http:\/\/www.liceodeourense.com\/2.0\/index.php?rest_route=\/tribe\/events\/v1\/categories\/29"}}],"tags":[],"venue":[],"organizer":[],"json_ld":{"@context":"http:\/\/schema.org","@type":"Event","name":"Presentaci\u00f3n do libro compilado por Lu\u00eds Lamela: \u201cLos a\u00f1os de guerra y la prisi\u00f3n provincial de A Coru\u00f1a. Memorias de un recluso: Domingo Quiroga \u00ab","description":"","image":"https:\/\/www.liceodeourense.com\/2.0\/wp-content\/uploads\/Cartaz_LamelaOurense.jpg","url":"http:\/\/www.liceodeourense.com\/2.0\/?tribe_events=presentacion-do-libro-compilado-por-luis-lamela-los-anos-de-guerra-y-la-prision-provincial-de-a-coruna-memorias-de-un-recluso-domingo-quiroga","startDate":"2024-09-18T19:30:00+01:00","endDate":"2024-09-18T20:30:00+01:00"}}